{"id":976,"date":"2025-01-04T15:07:01","date_gmt":"2025-01-04T15:07:01","guid":{"rendered":"https:\/\/estacionchamamecera.com\/?p=976"},"modified":"2025-01-04T15:07:01","modified_gmt":"2025-01-04T15:07:01","slug":"ya-estan-a-la-venta-las-entradas-para-el-50-festival-nacional-del-chamame","status":"publish","type":"post","link":"https:\/\/estacionchamamecera.com\/index.php\/2025\/01\/04\/ya-estan-a-la-venta-las-entradas-para-el-50-festival-nacional-del-chamame\/","title":{"rendered":"Ya est\u00e1n a la venta las entradas para el 50\u00b0 Festival Nacional del Chamam\u00e9"},"content":{"rendered":"<p><img decoding=\"async\" class=\"aligncenter size-medium wp-image-981\" src=\"http:\/\/estacionchamamecera.com\/wp-content\/uploads\/2025\/01\/chamame_1-300x198.jpg\" alt=\"\" width=\"300\" height=\"198\" srcset=\"https:\/\/estacionchamamecera.com\/wp-content\/uploads\/2025\/01\/chamame_1-300x198.jpg 300w, https:\/\/estacionchamamecera.com\/wp-content\/uploads\/2025\/01\/chamame_1-1024x678.jpg 1024w, https:\/\/estacionchamamecera.com\/wp-content\/uploads\/2025\/01\/chamame_1-768x508.jpg 768w, https:\/\/estacionchamamecera.com\/wp-content\/uploads\/2025\/01\/chamame_1-555x367.jpg 555w, https:\/\/estacionchamamecera.com\/wp-content\/uploads\/2025\/01\/chamame_1.jpg 1330w\" sizes=\"(max-width: 300px) 100vw, 300px\" \/><\/p>\r\n\r\n<p>La edici\u00f3n 2025 del emblem\u00e1tico Festival del Chamam\u00e9 de Federal se llevar\u00e1 a cabo del s\u00e1bado 1 al domingo 9 de febrero de 2025. <br \/><br \/>La 50\u00aa edici\u00f3n del Festival Nacional del Chamam\u00e9 se llevar\u00e1 a cabo en Federal, Entre R\u00edos, del s\u00e1bado 1 al domingo 9 de febrero de 2025. Este festival se conoce como la \u00abEdici\u00f3n Dorada\u00bb y contar\u00e1 con la participaci\u00f3n de Miguel Figueroa y su Conjunto Amanecer Campero. <br \/><br \/>Adem\u00e1s, el jueves 6 de febrero de 2025, se realizar\u00e1 el Certamen \u00abNuevos Valores\u00bb a las 19:00 en el Anfiteatro Francisco Ram\u00edrez. Al finalizar el certamen, se presentar\u00e1 la Orquesta Sinf\u00f3nica de la Prefectura Naval Argentina. <br \/><br \/>La presentaci\u00f3n oficial del festival se realiz\u00f3 el 18 de diciembre de 2024 en la Vieja Usina de Paran\u00e1. En este evento se anunciaron las fechas y los eventos, como el Gran Festival, las Bailantas y Pe\u00f1as. <br \/>Entradas para residentes<br \/><br \/>Bono Residente (4 entradas): $18.000 o 3 cuotas de $6.000.<br \/><br \/>(*) Se vender\u00e1 un bono de 4 entradas por persona (Residente, con DNI).<\/p>\r\n","protected":false},"excerpt":{"rendered":"<p>La edici\u00f3n 2025 del emblem\u00e1tico Festival del Chamam\u00e9 de Federal se llevar\u00e1 a cabo del s\u00e1bado 1 al domingo 9 de febrero de 2025. La 50\u00aa edici\u00f3n del Festival Nacional del Chamam\u00e9 se llevar\u00e1 a cabo en Federal, Entre R\u00edos, del s\u00e1bado 1 al domingo 9 de febrero de 2025. Este festival se conoce como &hellip; <\/p>\n<p><a class=\"more-link btn\" href=\"https:\/\/estacionchamamecera.com\/index.php\/2025\/01\/04\/ya-estan-a-la-venta-las-entradas-para-el-50-festival-nacional-del-chamame\/\">Seguir leyendo<\/a><\/p>\n","protected":false},"author":4,"featured_media":0,"comment_status":"open","ping_status":"open","sticky":false,"template":"","format":"standard","meta":{"footnotes":""},"categories":[4],"tags":[],"class_list":["post-976","post","type-post","status-publish","format-standard","hentry","category-cultura","item-wrap"],"jetpack_featured_media_url":"","_links":{"self":[{"href":"https:\/\/estacionchamamecera.com\/index.php\/wp-json\/wp\/v2\/posts\/976","targetHints":{"allow":["GET"]}}],"collection":[{"href":"https:\/\/estacionchamamecera.com\/index.php\/wp-json\/wp\/v2\/posts"}],"about":[{"href":"https:\/\/estacionchamamecera.com\/index.php\/wp-json\/wp\/v2\/types\/post"}],"author":[{"embeddable":true,"href":"https:\/\/estacionchamamecera.com\/index.php\/wp-json\/wp\/v2\/users\/4"}],"replies":[{"embeddable":true,"href":"https:\/\/estacionchamamecera.com\/index.php\/wp-json\/wp\/v2\/comments?post=976"}],"version-history":[{"count":2,"href":"https:\/\/estacionchamamecera.com\/index.php\/wp-json\/wp\/v2\/posts\/976\/revisions"}],"predecessor-version":[{"id":982,"href":"https:\/\/estacionchamamecera.com\/index.php\/wp-json\/wp\/v2\/posts\/976\/revisions\/982"}],"wp:attachment":[{"href":"https:\/\/estacionchamamecera.com\/index.php\/wp-json\/wp\/v2\/media?parent=976"}],"wp:term":[{"taxonomy":"category","embeddable":true,"href":"https:\/\/estacionchamamecera.com\/index.php\/wp-json\/wp\/v2\/categories?post=976"},{"taxonomy":"post_tag","embeddable":true,"href":"https:\/\/estacionchamamecera.com\/index.php\/wp-json\/wp\/v2\/tags?post=976"}],"curies":[{"name":"wp","href":"https:\/\/api.w.org\/{rel}","templated":true}]}}