{"id":9620,"date":"2026-03-19T00:17:26","date_gmt":"2026-03-19T00:17:26","guid":{"rendered":"https:\/\/estacionchamamecera.com\/?p=9620"},"modified":"2026-03-19T00:17:26","modified_gmt":"2026-03-19T00:17:26","slug":"lanzan-una-nueva-convocatoria-para-relevar-el-patrimonio-cultural-inmaterial-de-la-provincia","status":"publish","type":"post","link":"https:\/\/estacionchamamecera.com\/index.php\/2026\/03\/19\/lanzan-una-nueva-convocatoria-para-relevar-el-patrimonio-cultural-inmaterial-de-la-provincia\/","title":{"rendered":"Lanzan una nueva convocatoria para relevar el Patrimonio Cultural Inmaterial de la provincia"},"content":{"rendered":"\r\n<p><img decoding=\"async\" class=\"aligncenter size-medium wp-image-9625\" src=\"http:\/\/estacionchamamecera.com\/wp-content\/uploads\/2026\/03\/descarga-de-300x200.jpg\" alt=\"\" width=\"300\" height=\"200\" srcset=\"https:\/\/estacionchamamecera.com\/wp-content\/uploads\/2026\/03\/descarga-de-300x200.jpg 300w, https:\/\/estacionchamamecera.com\/wp-content\/uploads\/2026\/03\/descarga-de-1024x683.jpg 1024w, https:\/\/estacionchamamecera.com\/wp-content\/uploads\/2026\/03\/descarga-de-768x512.jpg 768w, https:\/\/estacionchamamecera.com\/wp-content\/uploads\/2026\/03\/descarga-de-1536x1024.jpg 1536w, https:\/\/estacionchamamecera.com\/wp-content\/uploads\/2026\/03\/descarga-de-555x370.jpg 555w, https:\/\/estacionchamamecera.com\/wp-content\/uploads\/2026\/03\/descarga-de.jpg 1920w\" sizes=\"(max-width: 300px) 100vw, 300px\" \/>Con el fin de identificar, registrar y salvaguardar las expresiones culturales que forman parte de la identidad de las comunidades, se abri\u00f3 una nueva convocatoria para relevar el Patrimonio Cultural Inmaterial de Entre R\u00edos. Est\u00e1 dirigida a organismos, instituciones, organizaciones culturales y a la comunidad en general. Es una iniciativa de la Secretar\u00eda de Cultura de Entre R\u00edos. <br \/>Seg\u00fan lo establecido por la ley provincial de Patrimonio Cultural N\u00ba 10.911\/21, el Patrimonio Cultural Inmaterial comprende los usos, representaciones, expresiones, conocimientos y t\u00e9cnicas -junto con los instrumentos, objetos, artefactos y espacios culturales que les son inherentes- que las comunidades, los grupos y, en algunos casos, los individuos reconocen como parte integrante de su patrimonio cultural. Se incluyen, entre otras manifestaciones, las tradiciones orales, las artes del espect\u00e1culo, los usos sociales, los ritos y celebraciones, los conocimientos vinculados a la naturaleza y las artesan\u00edas.<br \/><br \/>Consultas<br \/><br \/>\u00c1rea Patrimonio Cultural y Ambiental.<br \/><br \/>Buenos Aires 282 (Primer Piso) Paran\u00e1. De lunes a viernes de 7 a 14.<br \/><br \/>Correo electr\u00f3nico: patrimonioinmaterial.entrerios@gmail.com<\/p>\r\n","protected":false},"excerpt":{"rendered":"<p>Con el fin de identificar, registrar y salvaguardar las expresiones culturales que forman parte de la identidad de las comunidades, se abri\u00f3 una nueva convocatoria para relevar el Patrimonio Cultural Inmaterial de Entre R\u00edos. Est\u00e1 dirigida a organismos, instituciones, organizaciones culturales y a la comunidad en general. Es una iniciativa de la Secretar\u00eda de Cultura &hellip; <\/p>\n<p><a class=\"more-link btn\" href=\"https:\/\/estacionchamamecera.com\/index.php\/2026\/03\/19\/lanzan-una-nueva-convocatoria-para-relevar-el-patrimonio-cultural-inmaterial-de-la-provincia\/\">Seguir leyendo<\/a><\/p>\n","protected":false},"author":4,"featured_media":0,"comment_status":"open","ping_status":"open","sticky":false,"template":"","format":"standard","meta":{"footnotes":""},"categories":[3],"tags":[],"class_list":["post-9620","post","type-post","status-publish","format-standard","hentry","category-provinciales","item-wrap"],"jetpack_featured_media_url":"","_links":{"self":[{"href":"https:\/\/estacionchamamecera.com\/index.php\/wp-json\/wp\/v2\/posts\/9620","targetHints":{"allow":["GET"]}}],"collection":[{"href":"https:\/\/estacionchamamecera.com\/index.php\/wp-json\/wp\/v2\/posts"}],"about":[{"href":"https:\/\/estacionchamamecera.com\/index.php\/wp-json\/wp\/v2\/types\/post"}],"author":[{"embeddable":true,"href":"https:\/\/estacionchamamecera.com\/index.php\/wp-json\/wp\/v2\/users\/4"}],"replies":[{"embeddable":true,"href":"https:\/\/estacionchamamecera.com\/index.php\/wp-json\/wp\/v2\/comments?post=9620"}],"version-history":[{"count":2,"href":"https:\/\/estacionchamamecera.com\/index.php\/wp-json\/wp\/v2\/posts\/9620\/revisions"}],"predecessor-version":[{"id":9626,"href":"https:\/\/estacionchamamecera.com\/index.php\/wp-json\/wp\/v2\/posts\/9620\/revisions\/9626"}],"wp:attachment":[{"href":"https:\/\/estacionchamamecera.com\/index.php\/wp-json\/wp\/v2\/media?parent=9620"}],"wp:term":[{"taxonomy":"category","embeddable":true,"href":"https:\/\/estacionchamamecera.com\/index.php\/wp-json\/wp\/v2\/categories?post=9620"},{"taxonomy":"post_tag","embeddable":true,"href":"https:\/\/estacionchamamecera.com\/index.php\/wp-json\/wp\/v2\/tags?post=9620"}],"curies":[{"name":"wp","href":"https:\/\/api.w.org\/{rel}","templated":true}]}}