{"id":9616,"date":"2026-03-19T00:12:27","date_gmt":"2026-03-19T00:12:27","guid":{"rendered":"https:\/\/estacionchamamecera.com\/?p=9616"},"modified":"2026-03-19T00:12:27","modified_gmt":"2026-03-19T00:12:27","slug":"la-secretaria-de-cultura-de-entre-rios-propone-actividades-por-el-mes-de-la-memoria","status":"publish","type":"post","link":"https:\/\/estacionchamamecera.com\/index.php\/2026\/03\/19\/la-secretaria-de-cultura-de-entre-rios-propone-actividades-por-el-mes-de-la-memoria\/","title":{"rendered":"La Secretar\u00eda de Cultura de Entre R\u00edos propone actividades por el Mes de la Memoria"},"content":{"rendered":"\r\n<p><img decoding=\"async\" class=\"aligncenter size-medium wp-image-9621\" src=\"http:\/\/estacionchamamecera.com\/wp-content\/uploads\/2026\/03\/descarga-13-300x200.jpg\" alt=\"\" width=\"300\" height=\"200\" srcset=\"https:\/\/estacionchamamecera.com\/wp-content\/uploads\/2026\/03\/descarga-13-300x200.jpg 300w, https:\/\/estacionchamamecera.com\/wp-content\/uploads\/2026\/03\/descarga-13-1024x683.jpg 1024w, https:\/\/estacionchamamecera.com\/wp-content\/uploads\/2026\/03\/descarga-13-768x512.jpg 768w, https:\/\/estacionchamamecera.com\/wp-content\/uploads\/2026\/03\/descarga-13-1536x1024.jpg 1536w, https:\/\/estacionchamamecera.com\/wp-content\/uploads\/2026\/03\/descarga-13-555x370.jpg 555w, https:\/\/estacionchamamecera.com\/wp-content\/uploads\/2026\/03\/descarga-13.jpg 1920w\" sizes=\"(max-width: 300px) 100vw, 300px\" \/>Habr\u00e1 presentaciones, cine, teatro y muestras en distintos organismos. Con entrada libre y gratuita, la agenda es parte de la conmemoraci\u00f3n del D\u00eda de la Memoria, por la Verdad y la Justicia.<br \/>En el Archivo de Entre R\u00edos (Alameda de la Federaci\u00f3n 222, Paran\u00e1), contin\u00faa el ciclo El Archivo nos cuenta: Memoria entrerriana, esta vez con mujeres de la agrupaci\u00f3n La Solapa, asociaci\u00f3n integrada por ex presos pol\u00edticos y exiliados de Entre R\u00edos. Este jueves 19 de marzo a las 19.30 horas se realizar\u00e1 una charla y presentaci\u00f3n del libro Nosotras en libertad. Estar\u00e1n presentes: Alicia Dasso, Marta Brasseur, Graciela Schaab, Estela M\u00e1s de Ayala y Rosario Badano.<br \/><br \/><br \/>En el Museo Provincial de Bellas Artes (Buenos Aires 355, Paran\u00e1) se inaugurar\u00e1 este viernes a las 19hs la exposici\u00f3n Otro Rio. Fragmentos de una b\u00fasqueda, instalaci\u00f3n sonora de Lucia Tejera. La obra surge de una serie de viajes por el delta del sur entrerriano en el marco de la investigaci\u00f3n que realiz\u00f3 Tejera sobre vuelos de la muerte durante la \u00faltima dictadura.<br \/><br \/><br \/>En la Casa de la Cultura de Entre R\u00edos (9 de julio y Carb\u00f3, Paran\u00e1) se presentar\u00e1 la obra de teatro Mar del Sur, este s\u00e1bado a las 21 horas. La propuesta cuenta \u00abla aventura de crecer en un pa\u00eds como la Argentina&#8230;con las heridas de un pasado que se niegan a cerrar del todo\u00bb. Actividad a la gorra.<br \/><br \/><br \/>En el Museo Casa de Gobierno (C\u00f3rdoba y M\u00e9xico, Paran\u00e1), organizada junto a la C\u00e1mara de Diputados de Entre R\u00edos, se exhibir\u00e1 la muestra fotogr\u00e1fica La Casa sin Palabras, conformada por im\u00e1genes del recinto de sesiones y otras dependencias de la Legislatura durante la \u00faltima dictadura en el pa\u00eds. La exposici\u00f3n fue realizada por Flavia Williman Assen, coordinadora del \u00e1rea de Capacitaci\u00f3n de la C\u00e1mara de Diputados de Entre R\u00edos, y Federico Garc\u00eda, responsable de fototeca del Museo Hist\u00f3rico Provincial Martiniano Leguizam\u00f3n.<br \/><br \/>El Instituto Aut\u00e1rquico Audiovisual de Entre R\u00edos (IAAER) proyectar\u00e1 pel\u00edculas en distintos espacios. El domingo 22 de marzo a las 20.30 horas har\u00e1 una funci\u00f3n al aire libre en el Parque de la Salamanca de Concepci\u00f3n del Uruguay con Argentina 1985, de Santiago Mitre, organizada junto a la Comisi\u00f3n Memoria, Verdad y Justicia y la Municipalidad local. El jueves 26 de marzo a las 20 horas en el CIC Este II de Paran\u00e1, Cine Debate con Infancia Clandestina, dirigida por Benjam\u00edn \u00c1vila, organizada junto a la municipalidad local. Ambas funciones con entrada libre y gratuita.<br \/><br \/><br \/>En el Museo Serrano (Gardel 62, Paran\u00e1) se realizar\u00e1 la charla La Antropolog\u00eda Forense y la identificaci\u00f3n de desaparecidos de v\u00edctimas del terrorismo de estado, a cargo del Dr. Juan Nobile del Equipo Argentino de Antropolog\u00eda Forense. Ser\u00e1 el lunes 23 de marzo a las 10.30 hora. La actividad es acompa\u00f1ada por Agrupaci\u00f3n La Solapa, Asociaci\u00f3n de ex presos pol\u00edticos y exiliados de Entre R\u00edos; Direcci\u00f3n Provincial de Derechos Humanos; Secretar\u00eda de Justicia de Entre R\u00edos; Registro \u00danico de la Verdad &#8211; RUV.<\/p>\r\n","protected":false},"excerpt":{"rendered":"<p>Habr\u00e1 presentaciones, cine, teatro y muestras en distintos organismos. Con entrada libre y gratuita, la agenda es parte de la conmemoraci\u00f3n del D\u00eda de la Memoria, por la Verdad y la Justicia.En el Archivo de Entre R\u00edos (Alameda de la Federaci\u00f3n 222, Paran\u00e1), contin\u00faa el ciclo El Archivo nos cuenta: Memoria entrerriana, esta vez con &hellip; <\/p>\n<p><a class=\"more-link btn\" href=\"https:\/\/estacionchamamecera.com\/index.php\/2026\/03\/19\/la-secretaria-de-cultura-de-entre-rios-propone-actividades-por-el-mes-de-la-memoria\/\">Seguir leyendo<\/a><\/p>\n","protected":false},"author":4,"featured_media":0,"comment_status":"open","ping_status":"open","sticky":false,"template":"","format":"standard","meta":{"footnotes":""},"categories":[3],"tags":[],"class_list":["post-9616","post","type-post","status-publish","format-standard","hentry","category-provinciales","item-wrap"],"jetpack_featured_media_url":"","_links":{"self":[{"href":"https:\/\/estacionchamamecera.com\/index.php\/wp-json\/wp\/v2\/posts\/9616","targetHints":{"allow":["GET"]}}],"collection":[{"href":"https:\/\/estacionchamamecera.com\/index.php\/wp-json\/wp\/v2\/posts"}],"about":[{"href":"https:\/\/estacionchamamecera.com\/index.php\/wp-json\/wp\/v2\/types\/post"}],"author":[{"embeddable":true,"href":"https:\/\/estacionchamamecera.com\/index.php\/wp-json\/wp\/v2\/users\/4"}],"replies":[{"embeddable":true,"href":"https:\/\/estacionchamamecera.com\/index.php\/wp-json\/wp\/v2\/comments?post=9616"}],"version-history":[{"count":2,"href":"https:\/\/estacionchamamecera.com\/index.php\/wp-json\/wp\/v2\/posts\/9616\/revisions"}],"predecessor-version":[{"id":9622,"href":"https:\/\/estacionchamamecera.com\/index.php\/wp-json\/wp\/v2\/posts\/9616\/revisions\/9622"}],"wp:attachment":[{"href":"https:\/\/estacionchamamecera.com\/index.php\/wp-json\/wp\/v2\/media?parent=9616"}],"wp:term":[{"taxonomy":"category","embeddable":true,"href":"https:\/\/estacionchamamecera.com\/index.php\/wp-json\/wp\/v2\/categories?post=9616"},{"taxonomy":"post_tag","embeddable":true,"href":"https:\/\/estacionchamamecera.com\/index.php\/wp-json\/wp\/v2\/tags?post=9616"}],"curies":[{"name":"wp","href":"https:\/\/api.w.org\/{rel}","templated":true}]}}