{"id":9610,"date":"2026-03-19T00:01:46","date_gmt":"2026-03-19T00:01:46","guid":{"rendered":"https:\/\/estacionchamamecera.com\/?p=9610"},"modified":"2026-03-19T00:01:46","modified_gmt":"2026-03-19T00:01:46","slug":"se-presento-la-fiesta-nacional-de-la-apicultura-en-macia","status":"publish","type":"post","link":"https:\/\/estacionchamamecera.com\/index.php\/2026\/03\/19\/se-presento-la-fiesta-nacional-de-la-apicultura-en-macia\/","title":{"rendered":"Se present\u00f3 la Fiesta Nacional de la Apicultura en Maci\u00e1"},"content":{"rendered":"\r\n<p><img decoding=\"async\" class=\"aligncenter size-medium wp-image-9613\" src=\"http:\/\/estacionchamamecera.com\/wp-content\/uploads\/2026\/03\/descarga-1kolo-300x200.jpg\" alt=\"\" width=\"300\" height=\"200\" srcset=\"https:\/\/estacionchamamecera.com\/wp-content\/uploads\/2026\/03\/descarga-1kolo-300x200.jpg 300w, https:\/\/estacionchamamecera.com\/wp-content\/uploads\/2026\/03\/descarga-1kolo-1024x683.jpg 1024w, https:\/\/estacionchamamecera.com\/wp-content\/uploads\/2026\/03\/descarga-1kolo-768x512.jpg 768w, https:\/\/estacionchamamecera.com\/wp-content\/uploads\/2026\/03\/descarga-1kolo-1536x1024.jpg 1536w, https:\/\/estacionchamamecera.com\/wp-content\/uploads\/2026\/03\/descarga-1kolo-555x370.jpg 555w, https:\/\/estacionchamamecera.com\/wp-content\/uploads\/2026\/03\/descarga-1kolo.jpg 1920w\" sizes=\"(max-width: 300px) 100vw, 300px\" \/>La 29\u00b0 edici\u00f3n de la Fiesta Nacional de la Apicultura y Expo Ap\u00edcola del Mercosur se desarrollar\u00e1 los d\u00edas 20, 21 y 22 de marzo en la localidad de Maci\u00e1. La presentaci\u00f3n oficial se realiz\u00f3 en el Museo Casa de Gobierno, organismo de la Secretar\u00eda de Cultura de Entre R\u00edos.<br \/>Durante el lanzamiento, la directora de Programas y Promoci\u00f3n Cultural de Entre R\u00edos, Natalia Prado, agradeci\u00f3 a los medios por \u00abel acompa\u00f1amiento para seguir difundiendo los eventos populares de la provincia donde se expresa nuestra cultura y nuestra identidad\u00bb.<br \/><br \/>El presidente municipal de Maci\u00e1, Ariel Muller, destac\u00f3: \u00abAgradecemos al gobierno provincial. Tenemos muchas expectativas y nos estamos preparando para recibirlos de la mejor manera\u00bb.<br \/><br \/>Por su parte el senador provincial por Tala, Juan Diego Conti, se\u00f1al\u00f3 que se trata de una fiesta \u00abque a\u00f1o a a\u00f1o sigue creciendo. Maci\u00e1 se viste de fiesta y est\u00e1 con muchas ganas de recibir a todos este fin de semana\u00bb.<br \/><br \/>Tambi\u00e9n estuvo presente la directora de Cultura de Maci\u00e1, Marta Cappa, quien brind\u00f3 detalles de la cartelera art\u00edstica. Durante la presentaci\u00f3n, adem\u00e1s, se pudo disfrutar de la danza a cargo de una pareja de bailarines, que ofreci\u00f3 un anticipo de lo que se vivir\u00e1 en la fiesta.<br \/><br \/>Sobre el evento<br \/><br \/>En esta edici\u00f3n, productores, expertos y la familia ap\u00edcola del pa\u00eds y el exterior se reunir\u00e1n para participar del 25\u00b0 Concurso Internacional de Mieles Multiflorales, el 16\u00b0 Concurso Internacional de Fotograf\u00eda Ap\u00edcola y la 16\u00b0 Expo Ovina. La programaci\u00f3n se completa con din\u00e1micas a campo, conferencias, paneles y espacios ap\u00edcolas, junto a sectores artesanales y comerciales, tanto internos como externos.<br \/><br \/>En el escenario mayor, la grilla art\u00edstica ofrecer\u00e1 el viernes 20 las presentaciones de Alma Montielera, D\u00fao Caminos y su Banda, Dejavu, La Beriso y La Banda del KBE. El s\u00e1bado 21 ser\u00e1 el turno del Taller Municipal de Folklore Che Rojaij\u00fa, Fabi\u00e1n Noriega, Fernando Izaguirre, Mestizo, La Delio Valdez y el DJ Alan G\u00f3mez. En tanto, el domingo 22 se presentar\u00e1n el Ballet El Gur\u00ed, Gabriel Frontera, Sebasti\u00e1n Rodr\u00edguez, la Escuela de Danzas Habibi, Antonio Tarrag\u00f3 Ros, Damas Gratis y el Grupo Capricho.<br \/><br \/>Las entradas generales pueden adquirirse de manera online. Los menores de 12 a\u00f1os abonan un seguro en puerta. Las ubicaciones con sillas se encuentran disponibles mediante venta digital y no se permitir\u00e1 el ingreso con sillones.<\/p>\r\n","protected":false},"excerpt":{"rendered":"<p>La 29\u00b0 edici\u00f3n de la Fiesta Nacional de la Apicultura y Expo Ap\u00edcola del Mercosur se desarrollar\u00e1 los d\u00edas 20, 21 y 22 de marzo en la localidad de Maci\u00e1. La presentaci\u00f3n oficial se realiz\u00f3 en el Museo Casa de Gobierno, organismo de la Secretar\u00eda de Cultura de Entre R\u00edos.Durante el lanzamiento, la directora de &hellip; <\/p>\n<p><a class=\"more-link btn\" href=\"https:\/\/estacionchamamecera.com\/index.php\/2026\/03\/19\/se-presento-la-fiesta-nacional-de-la-apicultura-en-macia\/\">Seguir leyendo<\/a><\/p>\n","protected":false},"author":4,"featured_media":0,"comment_status":"open","ping_status":"open","sticky":false,"template":"","format":"standard","meta":{"footnotes":""},"categories":[3],"tags":[],"class_list":["post-9610","post","type-post","status-publish","format-standard","hentry","category-provinciales","item-wrap"],"jetpack_featured_media_url":"","_links":{"self":[{"href":"https:\/\/estacionchamamecera.com\/index.php\/wp-json\/wp\/v2\/posts\/9610","targetHints":{"allow":["GET"]}}],"collection":[{"href":"https:\/\/estacionchamamecera.com\/index.php\/wp-json\/wp\/v2\/posts"}],"about":[{"href":"https:\/\/estacionchamamecera.com\/index.php\/wp-json\/wp\/v2\/types\/post"}],"author":[{"embeddable":true,"href":"https:\/\/estacionchamamecera.com\/index.php\/wp-json\/wp\/v2\/users\/4"}],"replies":[{"embeddable":true,"href":"https:\/\/estacionchamamecera.com\/index.php\/wp-json\/wp\/v2\/comments?post=9610"}],"version-history":[{"count":2,"href":"https:\/\/estacionchamamecera.com\/index.php\/wp-json\/wp\/v2\/posts\/9610\/revisions"}],"predecessor-version":[{"id":9614,"href":"https:\/\/estacionchamamecera.com\/index.php\/wp-json\/wp\/v2\/posts\/9610\/revisions\/9614"}],"wp:attachment":[{"href":"https:\/\/estacionchamamecera.com\/index.php\/wp-json\/wp\/v2\/media?parent=9610"}],"wp:term":[{"taxonomy":"category","embeddable":true,"href":"https:\/\/estacionchamamecera.com\/index.php\/wp-json\/wp\/v2\/categories?post=9610"},{"taxonomy":"post_tag","embeddable":true,"href":"https:\/\/estacionchamamecera.com\/index.php\/wp-json\/wp\/v2\/tags?post=9610"}],"curies":[{"name":"wp","href":"https:\/\/api.w.org\/{rel}","templated":true}]}}