{"id":9471,"date":"2026-01-02T12:20:21","date_gmt":"2026-01-02T12:20:21","guid":{"rendered":"https:\/\/estacionchamamecera.com\/?p=9471"},"modified":"2026-01-02T12:20:21","modified_gmt":"2026-01-02T12:20:21","slug":"invitan-a-la-fiesta-provincial-de-la-guitarra-en-nogoya","status":"publish","type":"post","link":"https:\/\/estacionchamamecera.com\/index.php\/2026\/01\/02\/invitan-a-la-fiesta-provincial-de-la-guitarra-en-nogoya\/","title":{"rendered":"Invitan a la Fiesta Provincial de la Guitarra en Nogoy\u00e1"},"content":{"rendered":"\r\n<p><img decoding=\"async\" class=\"aligncenter size-medium wp-image-9476\" src=\"http:\/\/estacionchamamecera.com\/wp-content\/uploads\/2026\/01\/descarga-4999-300x200.jpg\" alt=\"\" width=\"300\" height=\"200\" srcset=\"https:\/\/estacionchamamecera.com\/wp-content\/uploads\/2026\/01\/descarga-4999-300x200.jpg 300w, https:\/\/estacionchamamecera.com\/wp-content\/uploads\/2026\/01\/descarga-4999-1024x683.jpg 1024w, https:\/\/estacionchamamecera.com\/wp-content\/uploads\/2026\/01\/descarga-4999-768x512.jpg 768w, https:\/\/estacionchamamecera.com\/wp-content\/uploads\/2026\/01\/descarga-4999-1536x1024.jpg 1536w, https:\/\/estacionchamamecera.com\/wp-content\/uploads\/2026\/01\/descarga-4999-555x370.jpg 555w, https:\/\/estacionchamamecera.com\/wp-content\/uploads\/2026\/01\/descarga-4999.jpg 1920w\" sizes=\"(max-width: 300px) 100vw, 300px\" \/>La vicegobernadora Alicia Aluani encabez\u00f3 este lunes la presentaci\u00f3n de la 37\u00aa Fiesta Provincial de la Guitarra, que se realizar\u00e1 en la ciudad de Nogoy\u00e1 los d\u00edas s\u00e1bado 3 y domingo 4 de enero de 2026.<br \/>La presentaci\u00f3n se llev\u00f3 a cabo en la sala del Museo de Casa de Gobierno, organismo dependiente de la Secretar\u00eda de Cultura de Entre R\u00edos.<br \/><br \/><br \/><br \/>La vicegobernadora, a cargo del Poder Ejecutivo Provincial, estuvo acompa\u00f1ada por la directora general de Programas y Promoci\u00f3n Cultural de Entre R\u00edos, Natalia Prado; el intendente de Nogoy\u00e1, Bernardo Schneider; el senador por el departamento, Rafael Cavagna; el titular del Instituto Aut\u00e1rquico de Planeamiento y Vivienda (IAPV), Manuel Sch\u00f6nhals; y la coordinadora de Cultura, Turismo y Educaci\u00f3n del municipio de Nogoy\u00e1, Karina Clement\u00edn. El encuentro cont\u00f3 adem\u00e1s con la presentaci\u00f3n de la payadora nogoyaense, Brisa Ferreyra Weber.<br \/><br \/><br \/><br \/>Al dialogar con los medios, la vicegobernadora Aluani agradeci\u00f3 la presencia y la difusi\u00f3n del evento, e indic\u00f3 que la fiesta \u00abya es parte de la tradici\u00f3n de nuestra provincia. Se lleva a cabo con mucho esfuerzo y organizaci\u00f3n, con el objetivo que tenemos en com\u00fan los nogoyaenses, que es promocionar todo lo que es parte de nuestra historia y de nuestras ra\u00edces\u00bb. Asimismo, expres\u00f3 que: \u00abLa guitarra no es solamente un instrumento, es la voz de nuestra historia. As\u00ed que en ella se ve representada y se ve expuesta toda la historia de Nogoy\u00e1 y de los luthiers\u00bb. En ese sentido, hizo hincapi\u00e9 en el trabajo de gesti\u00f3n provincial: \u00abApoyamos este tipo de eventos porque forman parte de la tradici\u00f3n y la cultura. Adem\u00e1s, se fortalece la econom\u00eda local, provincial y regional\u00bb.<br \/><br \/><br \/><br \/>Por su parte, la directora provincial Natalia Prado destac\u00f3 que se est\u00e1 \u00abdando inicio al calendario de fiestas provinciales\u00bb, y resalt\u00f3 \u00abel compromiso del gobierno provincial de promocionar y difundir cada uno de los eventos culturales de nuestra provincia\u00bb.<br \/><br \/><br \/><br \/>Finalmente, el intendente de Nogoy\u00e1, Bernardo Schneider, expres\u00f3 que \u00abes una fiesta que nos llena de orgullo a los nogoyaenses\u00bb. En ese marco, precis\u00f3 detalles del evento: \u00abEs dirigido a toda la familia, con entrada libre y gratuita. Habr\u00e1 grandes talentos y m\u00fasicos que nos van a estar acompa\u00f1ando en el predio del ferrocarril, un lugar c\u00f3modo y, por supuesto, con el recibimiento de la ciudad\u00bb.<br \/><br \/><br \/><br \/>Sobre la 37\u00aa Fiesta de la Guitarra<br \/><br \/>La 37\u00aa edici\u00f3n de la Fiesta Provincial de la Guitarra se realizar\u00e1 los d\u00edas 3 y 4 de enero de 2026 en el predio del Ferrocarril de Nogoy\u00e1, con entrada libre y gratuita, y contar\u00e1 con la presentaci\u00f3n de destacados artistas locales y regionales, adem\u00e1s de la elecci\u00f3n de la Embajadora. Disertar\u00e1n:<br \/><br \/>&#8211; 3 de enero: Delfina Ronchi, Por Tu Gente Nogoy\u00e1, Luc\u00eda Gim\u00e9nez, Valent\u00edn Obal, Ignacio Sartori, Cur\u00ed Tac\u00fa, Marianela Urbani y Agrupaci\u00f3n Santa Elena.<br \/><br \/>&#8211; 4 de enero: H\u00e9ctor Cardoso, Fernanda Roselli, Itah\u00ed, Ricardo L\u00f3pez Jord\u00e1n, Lauro y Marga, Marcos Pereyra y Sangre Chamecera.<\/p>\r\n","protected":false},"excerpt":{"rendered":"<p>La vicegobernadora Alicia Aluani encabez\u00f3 este lunes la presentaci\u00f3n de la 37\u00aa Fiesta Provincial de la Guitarra, que se realizar\u00e1 en la ciudad de Nogoy\u00e1 los d\u00edas s\u00e1bado 3 y domingo 4 de enero de 2026.La presentaci\u00f3n se llev\u00f3 a cabo en la sala del Museo de Casa de Gobierno, organismo dependiente de la Secretar\u00eda &hellip; <\/p>\n<p><a class=\"more-link btn\" href=\"https:\/\/estacionchamamecera.com\/index.php\/2026\/01\/02\/invitan-a-la-fiesta-provincial-de-la-guitarra-en-nogoya\/\">Seguir leyendo<\/a><\/p>\n","protected":false},"author":4,"featured_media":0,"comment_status":"open","ping_status":"open","sticky":false,"template":"","format":"standard","meta":{"footnotes":""},"categories":[3],"tags":[],"class_list":["post-9471","post","type-post","status-publish","format-standard","hentry","category-provinciales","item-wrap"],"jetpack_featured_media_url":"","_links":{"self":[{"href":"https:\/\/estacionchamamecera.com\/index.php\/wp-json\/wp\/v2\/posts\/9471","targetHints":{"allow":["GET"]}}],"collection":[{"href":"https:\/\/estacionchamamecera.com\/index.php\/wp-json\/wp\/v2\/posts"}],"about":[{"href":"https:\/\/estacionchamamecera.com\/index.php\/wp-json\/wp\/v2\/types\/post"}],"author":[{"embeddable":true,"href":"https:\/\/estacionchamamecera.com\/index.php\/wp-json\/wp\/v2\/users\/4"}],"replies":[{"embeddable":true,"href":"https:\/\/estacionchamamecera.com\/index.php\/wp-json\/wp\/v2\/comments?post=9471"}],"version-history":[{"count":2,"href":"https:\/\/estacionchamamecera.com\/index.php\/wp-json\/wp\/v2\/posts\/9471\/revisions"}],"predecessor-version":[{"id":9477,"href":"https:\/\/estacionchamamecera.com\/index.php\/wp-json\/wp\/v2\/posts\/9471\/revisions\/9477"}],"wp:attachment":[{"href":"https:\/\/estacionchamamecera.com\/index.php\/wp-json\/wp\/v2\/media?parent=9471"}],"wp:term":[{"taxonomy":"category","embeddable":true,"href":"https:\/\/estacionchamamecera.com\/index.php\/wp-json\/wp\/v2\/categories?post=9471"},{"taxonomy":"post_tag","embeddable":true,"href":"https:\/\/estacionchamamecera.com\/index.php\/wp-json\/wp\/v2\/tags?post=9471"}],"curies":[{"name":"wp","href":"https:\/\/api.w.org\/{rel}","templated":true}]}}