{"id":920,"date":"2024-10-28T12:55:40","date_gmt":"2024-10-28T12:55:40","guid":{"rendered":"https:\/\/estacionchamamecera.com\/?p=920"},"modified":"2024-10-28T12:55:40","modified_gmt":"2024-10-28T12:55:40","slug":"osvaldo-aguilar-y-juan-concilio-presentaran-canciones-compartidas","status":"publish","type":"post","link":"https:\/\/estacionchamamecera.com\/index.php\/2024\/10\/28\/osvaldo-aguilar-y-juan-concilio-presentaran-canciones-compartidas\/","title":{"rendered":"Osvaldo Aguilar y Juan Concilio presentar\u00e1n \u00abCanciones Compartidas\u00bb"},"content":{"rendered":"<p><img decoding=\"async\" class=\"aligncenter size-medium wp-image-925\" src=\"http:\/\/estacionchamamecera.com\/wp-content\/uploads\/2024\/10\/o_1729345389_40944-300x198.jpeg\" alt=\"\" width=\"300\" height=\"198\" srcset=\"https:\/\/estacionchamamecera.com\/wp-content\/uploads\/2024\/10\/o_1729345389_40944-300x198.jpeg 300w, https:\/\/estacionchamamecera.com\/wp-content\/uploads\/2024\/10\/o_1729345389_40944-1024x678.jpeg 1024w, https:\/\/estacionchamamecera.com\/wp-content\/uploads\/2024\/10\/o_1729345389_40944-768x508.jpeg 768w, https:\/\/estacionchamamecera.com\/wp-content\/uploads\/2024\/10\/o_1729345389_40944-555x367.jpeg 555w, https:\/\/estacionchamamecera.com\/wp-content\/uploads\/2024\/10\/o_1729345389_40944.jpeg 1330w\" sizes=\"(max-width: 300px) 100vw, 300px\" \/><\/p>\r\n\r\n<p>El pr\u00f3ximo 10 de noviembre, en la Casa Boulevard se dar\u00e1 un encuentro musical entre dos m\u00fasicos con una larga trayectoria en la escena argentina. Osvaldo Aguilar y Juan Concilio, bajo el t\u00edtulo Canciones Compartidas, fusionar\u00e1n la m\u00fasica, la poes\u00eda y la sensibilidad de sus letras.<br \/>Aguilar es un m\u00fasico, compositor y docente con una carrera destacada en grupos como Magma-Argentina. Concilio es bajista, director de coros y arreglador con una trayectoria en grupos como Santaires y Ostinato. Con una variedad de instrumentos como<br \/><br \/>guitarras, arm\u00f3nicas, flauta y percusi\u00f3n, los artistas interpretar\u00e1n canciones que reflejan su visi\u00f3n del mundo, junto a poemas de reconocidos autores como Juan Manuel Alfaro, Claudio Ramos, Leonardo Castillo y Eduardo Galeano.<br \/><br \/>Canciones Compartidas no es solo un concierto, sino un di\u00e1logo musical que rodea la conexi\u00f3n entre la m\u00fasica y la poes\u00eda y la capacidad de cada canci\u00f3n para evocar sensaciones y reflexiones distintas.<br \/><br \/>Osvaldo Aguilar, con su metodolog\u00eda de sensibilizaci\u00f3n musical, trabaj\u00f3 en la educaci\u00f3n musical y fue premiado por su labor en la m\u00fasica original de la obra \u00abAdentro\u00bb de Mauricio Dayub. Juan Concilio, por su parte, trabaj\u00f3 con reconocidos artistas como Jairo, Nacha Rold\u00e1n y Laura Albarrac\u00edn y cre\u00f3 la orquesta musical-teatral \u00abCosa e Mandinga\u00bb.<\/p>\r\n","protected":false},"excerpt":{"rendered":"<p>El pr\u00f3ximo 10 de noviembre, en la Casa Boulevard se dar\u00e1 un encuentro musical entre dos m\u00fasicos con una larga trayectoria en la escena argentina. Osvaldo Aguilar y Juan Concilio, bajo el t\u00edtulo Canciones Compartidas, fusionar\u00e1n la m\u00fasica, la poes\u00eda y la sensibilidad de sus letras.Aguilar es un m\u00fasico, compositor y docente con una carrera &hellip; <\/p>\n<p><a class=\"more-link btn\" href=\"https:\/\/estacionchamamecera.com\/index.php\/2024\/10\/28\/osvaldo-aguilar-y-juan-concilio-presentaran-canciones-compartidas\/\">Seguir leyendo<\/a><\/p>\n","protected":false},"author":4,"featured_media":0,"comment_status":"open","ping_status":"open","sticky":false,"template":"","format":"standard","meta":{"footnotes":""},"categories":[3],"tags":[],"class_list":["post-920","post","type-post","status-publish","format-standard","hentry","category-provinciales","item-wrap"],"jetpack_featured_media_url":"","_links":{"self":[{"href":"https:\/\/estacionchamamecera.com\/index.php\/wp-json\/wp\/v2\/posts\/920","targetHints":{"allow":["GET"]}}],"collection":[{"href":"https:\/\/estacionchamamecera.com\/index.php\/wp-json\/wp\/v2\/posts"}],"about":[{"href":"https:\/\/estacionchamamecera.com\/index.php\/wp-json\/wp\/v2\/types\/post"}],"author":[{"embeddable":true,"href":"https:\/\/estacionchamamecera.com\/index.php\/wp-json\/wp\/v2\/users\/4"}],"replies":[{"embeddable":true,"href":"https:\/\/estacionchamamecera.com\/index.php\/wp-json\/wp\/v2\/comments?post=920"}],"version-history":[{"count":2,"href":"https:\/\/estacionchamamecera.com\/index.php\/wp-json\/wp\/v2\/posts\/920\/revisions"}],"predecessor-version":[{"id":926,"href":"https:\/\/estacionchamamecera.com\/index.php\/wp-json\/wp\/v2\/posts\/920\/revisions\/926"}],"wp:attachment":[{"href":"https:\/\/estacionchamamecera.com\/index.php\/wp-json\/wp\/v2\/media?parent=920"}],"wp:term":[{"taxonomy":"category","embeddable":true,"href":"https:\/\/estacionchamamecera.com\/index.php\/wp-json\/wp\/v2\/categories?post=920"},{"taxonomy":"post_tag","embeddable":true,"href":"https:\/\/estacionchamamecera.com\/index.php\/wp-json\/wp\/v2\/tags?post=920"}],"curies":[{"name":"wp","href":"https:\/\/api.w.org\/{rel}","templated":true}]}}