{"id":912,"date":"2024-10-28T12:34:07","date_gmt":"2024-10-28T12:34:07","guid":{"rendered":"https:\/\/estacionchamamecera.com\/?p=912"},"modified":"2024-10-28T12:34:07","modified_gmt":"2024-10-28T12:34:07","slug":"se-conocio-la-programacion-de-la-fiesta-provincial-de-teatro-entre-rios-2024","status":"publish","type":"post","link":"https:\/\/estacionchamamecera.com\/index.php\/2024\/10\/28\/se-conocio-la-programacion-de-la-fiesta-provincial-de-teatro-entre-rios-2024\/","title":{"rendered":"Se conoci\u00f3 la programaci\u00f3n de la Fiesta Provincial de Teatro, Entre R\u00edos 2024"},"content":{"rendered":"<p><img decoding=\"async\" class=\"aligncenter size-medium wp-image-917\" src=\"http:\/\/estacionchamamecera.com\/wp-content\/uploads\/2024\/10\/portada_obra_vidayvuelta_1-300x198.jpg\" alt=\"\" width=\"300\" height=\"198\" srcset=\"https:\/\/estacionchamamecera.com\/wp-content\/uploads\/2024\/10\/portada_obra_vidayvuelta_1-300x198.jpg 300w, https:\/\/estacionchamamecera.com\/wp-content\/uploads\/2024\/10\/portada_obra_vidayvuelta_1-1024x678.jpg 1024w, https:\/\/estacionchamamecera.com\/wp-content\/uploads\/2024\/10\/portada_obra_vidayvuelta_1-768x508.jpg 768w, https:\/\/estacionchamamecera.com\/wp-content\/uploads\/2024\/10\/portada_obra_vidayvuelta_1-555x367.jpg 555w, https:\/\/estacionchamamecera.com\/wp-content\/uploads\/2024\/10\/portada_obra_vidayvuelta_1.jpg 1330w\" sizes=\"(max-width: 300px) 100vw, 300px\" \/><\/p>\r\n\r\n<p>Del jueves 7 al domingo 10 de noviembre,<br \/><br \/>Paran\u00e1 ser\u00e1 sede de la edici\u00f3n 2024 de la Fiesta Provincial de Teatro, organizado por el Instituto Nacional del Teatro (INT), en cogesti\u00f3n con la Secretar\u00eda de Cultura de Entre R\u00edos. El evento contar\u00e1 con la presentaci\u00f3n de 16 obras teatrales, provenientes de Chajar\u00ed, Concordia, Gualeguay, Gualeguaych\u00fa, Paran\u00e1 y Victoria.<br \/><br \/>Los espect\u00e1culos ser\u00e1n evaluados por un cuerpo de jurados integrado por Cielo Pignatta, de Rosario, M\u00f3nica Borgogno, de Paran\u00e1 y Daniela Mart\u00edn, de C\u00f3rdoba quienes definir\u00e1n qu\u00e9 obra representar\u00e1 a Entre R\u00edos en la pr\u00f3xima Fiesta Nacional del Teatro.<br \/><br \/>Las funciones se realizar\u00e1n en los siguientes espacios: Casa Boulevard \/ Sala Metamorfosis (Ituzaing\u00f3 80), Escuela del Bardo (Av. Almafuerte 104 bis), Auditorio Walter Heinze (Italia 61), La Vieja Usina, (Gregoria Matorras 861) y La Casa de la Cultura (9 de Julio y Carb\u00f3). Estos dos \u00faltimos organismos dependientes de la Secretar\u00eda de Cultura de la Provincia.<br \/>Jueves 7<br \/><br \/>18:30 \u00abLa Universal\u00bb (Paran\u00e1). La Casa de la Cultura<br \/><br \/>20:00 \u00abProntuario.Ar\u00bb (Paran\u00e1). Casa Boulevard\/Sala Metamorfosis<br \/><br \/>21:30 \u00abHamlet, bueno para nada\u00bb (Paran\u00e1). Escuela del Bardo<br \/><br \/><br \/><br \/>Viernes 8<br \/><br \/>9:00 \u00abArtigas, el otro\u00bb (Paran\u00e1). La Vieja Usina<br \/><br \/>17:00 \u00abLas Historias de Chacho\u00bb (Paran\u00e1). La Vieja Usina<br \/><br \/>18:30 \u00abSumario de la muerte de Kleist\u00bb. (Gualeguaych\u00fa). La Casa de la Cultura<br \/><br \/>20:00 \u00abQue hablen otras partes de m\u00ed\u00bb (Gualeguay). Casa Boulevard\/Sala Metamorfosis<br \/><br \/>21:30 \u00abAlberto\u00bb (Chajar\u00ed). Escuela del Bardo<br \/><br \/><br \/><br \/>S\u00e1bado 9<br \/><br \/>17:00 \u00abHoy suspendida la funci\u00f3n\u00bb (Paran\u00e1). La Vieja Usina<br \/><br \/>18:30 \u00abDesde el borde, r\u00e9quiem teatral para nuestrxs muertxs\u00bb (Paran\u00e1). Casa Boulevard\/Sala Metamorfosis<br \/><br \/>20:00 \u00abLa Moribunda\u00bb (Chajar\u00ed). Escuela del Bardo<br \/><br \/>21:30 \u00abVidayVuelta (de dos payasos)\u00bb (Paran\u00e1). La Casa de la Cultura<br \/><br \/>22:30 \u00abEl loco y la camisa\u00bb (Gualeguaych\u00fa). La Vieja Usina<br \/><br \/><br \/><br \/>Domingo 10<br \/><br \/>17:00 \u00abExtra\u00f1a fuga de la anciana y su criada\u00bb (Paran\u00e1). Casa Boulevard\/Sala Metamorfosis<br \/><br \/>18:30 \u00abCalle Resistencia 22\u00bb (Victoria). La Vieja Usina<br \/><br \/>20:30 \u00abROJA, una breve mascarada\u00bb (Concordia). Auditorio Escuela de M\u00fasica<\/p>\r\n","protected":false},"excerpt":{"rendered":"<p>Del jueves 7 al domingo 10 de noviembre, Paran\u00e1 ser\u00e1 sede de la edici\u00f3n 2024 de la Fiesta Provincial de Teatro, organizado por el Instituto Nacional del Teatro (INT), en cogesti\u00f3n con la Secretar\u00eda de Cultura de Entre R\u00edos. El evento contar\u00e1 con la presentaci\u00f3n de 16 obras teatrales, provenientes de Chajar\u00ed, Concordia, Gualeguay, Gualeguaych\u00fa, &hellip; <\/p>\n<p><a class=\"more-link btn\" href=\"https:\/\/estacionchamamecera.com\/index.php\/2024\/10\/28\/se-conocio-la-programacion-de-la-fiesta-provincial-de-teatro-entre-rios-2024\/\">Seguir leyendo<\/a><\/p>\n","protected":false},"author":4,"featured_media":0,"comment_status":"open","ping_status":"open","sticky":false,"template":"","format":"standard","meta":{"footnotes":""},"categories":[3],"tags":[],"class_list":["post-912","post","type-post","status-publish","format-standard","hentry","category-provinciales","item-wrap"],"jetpack_featured_media_url":"","_links":{"self":[{"href":"https:\/\/estacionchamamecera.com\/index.php\/wp-json\/wp\/v2\/posts\/912","targetHints":{"allow":["GET"]}}],"collection":[{"href":"https:\/\/estacionchamamecera.com\/index.php\/wp-json\/wp\/v2\/posts"}],"about":[{"href":"https:\/\/estacionchamamecera.com\/index.php\/wp-json\/wp\/v2\/types\/post"}],"author":[{"embeddable":true,"href":"https:\/\/estacionchamamecera.com\/index.php\/wp-json\/wp\/v2\/users\/4"}],"replies":[{"embeddable":true,"href":"https:\/\/estacionchamamecera.com\/index.php\/wp-json\/wp\/v2\/comments?post=912"}],"version-history":[{"count":2,"href":"https:\/\/estacionchamamecera.com\/index.php\/wp-json\/wp\/v2\/posts\/912\/revisions"}],"predecessor-version":[{"id":918,"href":"https:\/\/estacionchamamecera.com\/index.php\/wp-json\/wp\/v2\/posts\/912\/revisions\/918"}],"wp:attachment":[{"href":"https:\/\/estacionchamamecera.com\/index.php\/wp-json\/wp\/v2\/media?parent=912"}],"wp:term":[{"taxonomy":"category","embeddable":true,"href":"https:\/\/estacionchamamecera.com\/index.php\/wp-json\/wp\/v2\/categories?post=912"},{"taxonomy":"post_tag","embeddable":true,"href":"https:\/\/estacionchamamecera.com\/index.php\/wp-json\/wp\/v2\/tags?post=912"}],"curies":[{"name":"wp","href":"https:\/\/api.w.org\/{rel}","templated":true}]}}