{"id":908,"date":"2024-10-28T12:27:41","date_gmt":"2024-10-28T12:27:41","guid":{"rendered":"https:\/\/estacionchamamecera.com\/?p=908"},"modified":"2024-10-28T12:27:41","modified_gmt":"2024-10-28T12:27:41","slug":"la-presidenta-municipal-abrio-el-1-foro-nacional-del-chamame","status":"publish","type":"post","link":"https:\/\/estacionchamamecera.com\/index.php\/2024\/10\/28\/la-presidenta-municipal-abrio-el-1-foro-nacional-del-chamame\/","title":{"rendered":"La presidenta municipal abri\u00f3 el 1\u00b0 Foro Nacional del Chamam\u00e9."},"content":{"rendered":"<p><img decoding=\"async\" class=\"aligncenter size-medium wp-image-913\" src=\"http:\/\/estacionchamamecera.com\/wp-content\/uploads\/2024\/10\/464525661_966959865458420_7700713494016627208_n-300x300.jpg\" alt=\"\" width=\"300\" height=\"300\" srcset=\"https:\/\/estacionchamamecera.com\/wp-content\/uploads\/2024\/10\/464525661_966959865458420_7700713494016627208_n-300x300.jpg 300w, https:\/\/estacionchamamecera.com\/wp-content\/uploads\/2024\/10\/464525661_966959865458420_7700713494016627208_n-150x150.jpg 150w, https:\/\/estacionchamamecera.com\/wp-content\/uploads\/2024\/10\/464525661_966959865458420_7700713494016627208_n-555x555.jpg 555w, https:\/\/estacionchamamecera.com\/wp-content\/uploads\/2024\/10\/464525661_966959865458420_7700713494016627208_n.jpg 721w\" sizes=\"(max-width: 300px) 100vw, 300px\" \/><\/p>\r\n\r\n<p>La primer jornada del Foro Nacional del Chamam\u00e9 dio inicio con palabras de la Prof. Alicia Oviedo, recapitulando la historia del Festival Nacional del Chamam\u00e9, sus iconos y elementos que lo rodean.<br \/>.<br \/>Gran cantidad de asistentes de todas las esferas, prensa, bailarines, m\u00fasicos y p\u00fablico en general.<br \/>#Chamam\u00e9 #Federal #identidad #cultura<\/p>\r\n","protected":false},"excerpt":{"rendered":"<p>La primer jornada del Foro Nacional del Chamam\u00e9 dio inicio con palabras de la Prof. Alicia Oviedo, recapitulando la historia del Festival Nacional del Chamam\u00e9, sus iconos y elementos que lo rodean..Gran cantidad de asistentes de todas las esferas, prensa, bailarines, m\u00fasicos y p\u00fablico en general.#Chamam\u00e9 #Federal #identidad #cultura<\/p>\n","protected":false},"author":4,"featured_media":0,"comment_status":"open","ping_status":"open","sticky":false,"template":"","format":"standard","meta":{"footnotes":""},"categories":[4],"tags":[],"class_list":["post-908","post","type-post","status-publish","format-standard","hentry","category-cultura","item-wrap"],"jetpack_featured_media_url":"","_links":{"self":[{"href":"https:\/\/estacionchamamecera.com\/index.php\/wp-json\/wp\/v2\/posts\/908","targetHints":{"allow":["GET"]}}],"collection":[{"href":"https:\/\/estacionchamamecera.com\/index.php\/wp-json\/wp\/v2\/posts"}],"about":[{"href":"https:\/\/estacionchamamecera.com\/index.php\/wp-json\/wp\/v2\/types\/post"}],"author":[{"embeddable":true,"href":"https:\/\/estacionchamamecera.com\/index.php\/wp-json\/wp\/v2\/users\/4"}],"replies":[{"embeddable":true,"href":"https:\/\/estacionchamamecera.com\/index.php\/wp-json\/wp\/v2\/comments?post=908"}],"version-history":[{"count":2,"href":"https:\/\/estacionchamamecera.com\/index.php\/wp-json\/wp\/v2\/posts\/908\/revisions"}],"predecessor-version":[{"id":914,"href":"https:\/\/estacionchamamecera.com\/index.php\/wp-json\/wp\/v2\/posts\/908\/revisions\/914"}],"wp:attachment":[{"href":"https:\/\/estacionchamamecera.com\/index.php\/wp-json\/wp\/v2\/media?parent=908"}],"wp:term":[{"taxonomy":"category","embeddable":true,"href":"https:\/\/estacionchamamecera.com\/index.php\/wp-json\/wp\/v2\/categories?post=908"},{"taxonomy":"post_tag","embeddable":true,"href":"https:\/\/estacionchamamecera.com\/index.php\/wp-json\/wp\/v2\/tags?post=908"}],"curies":[{"name":"wp","href":"https:\/\/api.w.org\/{rel}","templated":true}]}}