{"id":906,"date":"2024-10-28T12:25:31","date_gmt":"2024-10-28T12:25:31","guid":{"rendered":"https:\/\/estacionchamamecera.com\/?p=906"},"modified":"2024-10-28T12:25:31","modified_gmt":"2024-10-28T12:25:31","slug":"el-foro-nacional-del-chamame-inicio-sus-bloques-tematicos","status":"publish","type":"post","link":"https:\/\/estacionchamamecera.com\/index.php\/2024\/10\/28\/el-foro-nacional-del-chamame-inicio-sus-bloques-tematicos\/","title":{"rendered":"El Foro Nacional del Chamam\u00e9 inici\u00f3 sus bloques tem\u00e1ticos."},"content":{"rendered":"<p><img decoding=\"async\" class=\"aligncenter size-medium wp-image-909\" src=\"http:\/\/estacionchamamecera.com\/wp-content\/uploads\/2024\/10\/464598793_966962005458206_4050449917198216438_n-300x300.jpg\" alt=\"\" width=\"300\" height=\"300\" srcset=\"https:\/\/estacionchamamecera.com\/wp-content\/uploads\/2024\/10\/464598793_966962005458206_4050449917198216438_n-300x300.jpg 300w, https:\/\/estacionchamamecera.com\/wp-content\/uploads\/2024\/10\/464598793_966962005458206_4050449917198216438_n-150x150.jpg 150w, https:\/\/estacionchamamecera.com\/wp-content\/uploads\/2024\/10\/464598793_966962005458206_4050449917198216438_n-555x555.jpg 555w, https:\/\/estacionchamamecera.com\/wp-content\/uploads\/2024\/10\/464598793_966962005458206_4050449917198216438_n.jpg 721w\" sizes=\"(max-width: 300px) 100vw, 300px\" \/><\/p>\r\n\r\n<p>El primer bloque tem\u00e1tico estuvo a cargo de la Prof. Claudia Liliana Garc\u00eda, nos ilustr\u00f3 con su experiencia sobre \u00abEl Chamam\u00e9 en Entre Rios. Caracter\u00edsticas generales de la danza, modalidades r\u00edtmicas y cadencias que hacen la diferencia en cada regi\u00f3n\u00bb.<br \/>.<br \/>Acompa\u00f1ada de una presentaci\u00f3n con videos nos ilustr\u00f3 de las diferencias r\u00edtmicas del Chamam\u00e9 comparando nuestra regi\u00f3n con otras de la provincia y el pa\u00eds. La influencia geogr\u00e1fica y herencia cultural que influyen en nuestra danza.<\/p>\r\n","protected":false},"excerpt":{"rendered":"<p>El primer bloque tem\u00e1tico estuvo a cargo de la Prof. Claudia Liliana Garc\u00eda, nos ilustr\u00f3 con su experiencia sobre \u00abEl Chamam\u00e9 en Entre Rios. Caracter\u00edsticas generales de la danza, modalidades r\u00edtmicas y cadencias que hacen la diferencia en cada regi\u00f3n\u00bb..Acompa\u00f1ada de una presentaci\u00f3n con videos nos ilustr\u00f3 de las diferencias r\u00edtmicas del Chamam\u00e9 comparando nuestra &hellip; <\/p>\n<p><a class=\"more-link btn\" href=\"https:\/\/estacionchamamecera.com\/index.php\/2024\/10\/28\/el-foro-nacional-del-chamame-inicio-sus-bloques-tematicos\/\">Seguir leyendo<\/a><\/p>\n","protected":false},"author":4,"featured_media":0,"comment_status":"open","ping_status":"open","sticky":false,"template":"","format":"standard","meta":{"footnotes":""},"categories":[2],"tags":[],"class_list":["post-906","post","type-post","status-publish","format-standard","hentry","category-locales","item-wrap"],"jetpack_featured_media_url":"","_links":{"self":[{"href":"https:\/\/estacionchamamecera.com\/index.php\/wp-json\/wp\/v2\/posts\/906","targetHints":{"allow":["GET"]}}],"collection":[{"href":"https:\/\/estacionchamamecera.com\/index.php\/wp-json\/wp\/v2\/posts"}],"about":[{"href":"https:\/\/estacionchamamecera.com\/index.php\/wp-json\/wp\/v2\/types\/post"}],"author":[{"embeddable":true,"href":"https:\/\/estacionchamamecera.com\/index.php\/wp-json\/wp\/v2\/users\/4"}],"replies":[{"embeddable":true,"href":"https:\/\/estacionchamamecera.com\/index.php\/wp-json\/wp\/v2\/comments?post=906"}],"version-history":[{"count":2,"href":"https:\/\/estacionchamamecera.com\/index.php\/wp-json\/wp\/v2\/posts\/906\/revisions"}],"predecessor-version":[{"id":910,"href":"https:\/\/estacionchamamecera.com\/index.php\/wp-json\/wp\/v2\/posts\/906\/revisions\/910"}],"wp:attachment":[{"href":"https:\/\/estacionchamamecera.com\/index.php\/wp-json\/wp\/v2\/media?parent=906"}],"wp:term":[{"taxonomy":"category","embeddable":true,"href":"https:\/\/estacionchamamecera.com\/index.php\/wp-json\/wp\/v2\/categories?post=906"},{"taxonomy":"post_tag","embeddable":true,"href":"https:\/\/estacionchamamecera.com\/index.php\/wp-json\/wp\/v2\/tags?post=906"}],"curies":[{"name":"wp","href":"https:\/\/api.w.org\/{rel}","templated":true}]}}