{"id":9,"date":"2023-06-22T13:14:19","date_gmt":"2023-06-22T13:14:19","guid":{"rendered":"https:\/\/estacionchamamecera.com\/?p=9"},"modified":"2023-06-22T13:14:19","modified_gmt":"2023-06-22T13:14:19","slug":"comienza-en-san-jose-el-viii-simposio-internacional-de-escultura-itinerante","status":"publish","type":"post","link":"https:\/\/estacionchamamecera.com\/index.php\/2023\/06\/22\/comienza-en-san-jose-el-viii-simposio-internacional-de-escultura-itinerante\/","title":{"rendered":"Comienza en San Jos\u00e9, el VIII Simposio Internacional de Escultura Itinerante"},"content":{"rendered":"<p><img decoding=\"async\" class=\"aligncenter size-medium wp-image-14\" src=\"http:\/\/estacionchamamecera.com\/wp-content\/uploads\/2023\/06\/simposio_internacional_de_escultura_itinerante_2-300x198.jpg\" alt=\"\" width=\"300\" height=\"198\" \/><\/p>\r\n\r\n<p>El evento se realizar\u00e1 en la ciudad de San Jos\u00e9 entre el 23 de junio y el 2 de julio junto a destacados escultores y escultoras. La octava edici\u00f3n es impulsada por el Gobierno de Entre R\u00edos a trav\u00e9s de la Secretar\u00eda de Cultura junto al Museo de la Imagen, y el municipio de San Jos\u00e9.<br \/><br \/>Los Simposios Internacionales de Escultura Itinerante se concretaron ya en Segu\u00ed, Nogoy\u00e1, Col\u00f3n, Hasenkamp, Paran\u00e1, Villaguay y Concepci\u00f3n del Uruguay. Este a\u00f1o ser\u00e1 el turno de San Jos\u00e9. El predio Multieventos de la ciudad fue el lugar elegido para el desarrollo de las actividades de producci\u00f3n, creaci\u00f3n y trabajo de las esculturas.<br \/><br \/>El objetivo del Simposio de Esculturas surge con la finalidad de rescatar y poner en valor el espacio p\u00fablico. Esto permite crear \u00e1mbitos amigables de esparcimiento y disfrute del paisaje, la naturaleza y de la creaci\u00f3n art\u00edstica. Con el correr de los a\u00f1os la propuesta creci\u00f3 y se transform\u00f3 en itinerante y de car\u00e1cter internacional, convocando a renombrados artistas.<br \/><br \/>En la nueva edici\u00f3n participar\u00e1n los entrerrianos Walter Jos\u00e9 Bourlot (San Jos\u00e9); Hugo Gustavo Da Silva Macorio (Col\u00f3n), Alberto Bonus (Gualeguaych\u00fa) y Anah\u00ed Villarruel (Nogoy\u00e1). De las provincias vecinas llegar\u00e1n Fabian Rucco de Rosario; y Ailen \u201cRamona\u201d Alejandra Llali de C\u00f3rdoba. El uruguayo Sergio Andr\u00e9s Olivera, y el chileno Andr\u00e9s Figueroa ser\u00e1n los escultores internacionales invitados.<br \/><br \/>Durante diez d\u00edas las y los escultores trabajan al aire libre, esto permitir\u00e1 establecer un di\u00e1logo entre los escultores y el p\u00fablico, interacci\u00f3n que transforma al Simposio en una actividad participativa, movilizadora y accesible a toda la comunidad.<br \/><br \/>Las obras realizadas durante el Simposio quedar\u00e1n instaladas en distintos puntos de la ciudad significando un aporte al patrimonio art\u00edstico de la provincia. La localizaci\u00f3n a la vista del p\u00fablico tiene un gran inter\u00e9s cultural, ya que los ciudadanos tendr\u00e1n la oportunidad de ver y apreciar el trabajo de artistas que dominan su oficio.<br \/><br \/>Fotos: 7mo Simposio Internacional de Escultura Itinerante_Concepci\u00f3n del Uruguay 2022_Archivo SCER<\/p>\r\n","protected":false},"excerpt":{"rendered":"<p>El evento se realizar\u00e1 en la ciudad de San Jos\u00e9 entre el 23 de junio y el 2 de julio junto a destacados escultores y escultoras. La octava edici\u00f3n es impulsada por el Gobierno de Entre R\u00edos a trav\u00e9s de la Secretar\u00eda de Cultura junto al Museo de la Imagen, y el municipio de San &hellip; <\/p>\n<p><a class=\"more-link btn\" href=\"https:\/\/estacionchamamecera.com\/index.php\/2023\/06\/22\/comienza-en-san-jose-el-viii-simposio-internacional-de-escultura-itinerante\/\">Seguir leyendo<\/a><\/p>\n","protected":false},"author":4,"featured_media":0,"comment_status":"open","ping_status":"open","sticky":false,"template":"","format":"standard","meta":{"footnotes":""},"categories":[3],"tags":[],"class_list":["post-9","post","type-post","status-publish","format-standard","hentry","category-provinciales","item-wrap"],"jetpack_featured_media_url":"","_links":{"self":[{"href":"https:\/\/estacionchamamecera.com\/index.php\/wp-json\/wp\/v2\/posts\/9","targetHints":{"allow":["GET"]}}],"collection":[{"href":"https:\/\/estacionchamamecera.com\/index.php\/wp-json\/wp\/v2\/posts"}],"about":[{"href":"https:\/\/estacionchamamecera.com\/index.php\/wp-json\/wp\/v2\/types\/post"}],"author":[{"embeddable":true,"href":"https:\/\/estacionchamamecera.com\/index.php\/wp-json\/wp\/v2\/users\/4"}],"replies":[{"embeddable":true,"href":"https:\/\/estacionchamamecera.com\/index.php\/wp-json\/wp\/v2\/comments?post=9"}],"version-history":[{"count":2,"href":"https:\/\/estacionchamamecera.com\/index.php\/wp-json\/wp\/v2\/posts\/9\/revisions"}],"predecessor-version":[{"id":15,"href":"https:\/\/estacionchamamecera.com\/index.php\/wp-json\/wp\/v2\/posts\/9\/revisions\/15"}],"wp:attachment":[{"href":"https:\/\/estacionchamamecera.com\/index.php\/wp-json\/wp\/v2\/media?parent=9"}],"wp:term":[{"taxonomy":"category","embeddable":true,"href":"https:\/\/estacionchamamecera.com\/index.php\/wp-json\/wp\/v2\/categories?post=9"},{"taxonomy":"post_tag","embeddable":true,"href":"https:\/\/estacionchamamecera.com\/index.php\/wp-json\/wp\/v2\/tags?post=9"}],"curies":[{"name":"wp","href":"https:\/\/api.w.org\/{rel}","templated":true}]}}