{"id":816,"date":"2024-08-07T15:29:54","date_gmt":"2024-08-07T15:29:54","guid":{"rendered":"https:\/\/estacionchamamecera.com\/?p=816"},"modified":"2024-08-07T15:29:54","modified_gmt":"2024-08-07T15:29:54","slug":"san-martin-en-las-escuelas-comienza-un-ciclo-de-encuentros-con-charlas-y-proyecciones","status":"publish","type":"post","link":"https:\/\/estacionchamamecera.com\/index.php\/2024\/08\/07\/san-martin-en-las-escuelas-comienza-un-ciclo-de-encuentros-con-charlas-y-proyecciones\/","title":{"rendered":"San Mart\u00edn en las escuelas: comienza un ciclo de encuentros con charlas y proyecciones"},"content":{"rendered":"<p><img decoding=\"async\" class=\"aligncenter size-medium wp-image-821\" src=\"http:\/\/estacionchamamecera.com\/wp-content\/uploads\/2024\/08\/san_martin_8-300x198.jpg\" alt=\"\" width=\"300\" height=\"198\" srcset=\"https:\/\/estacionchamamecera.com\/wp-content\/uploads\/2024\/08\/san_martin_8-300x198.jpg 300w, https:\/\/estacionchamamecera.com\/wp-content\/uploads\/2024\/08\/san_martin_8-1024x678.jpg 1024w, https:\/\/estacionchamamecera.com\/wp-content\/uploads\/2024\/08\/san_martin_8-768x508.jpg 768w, https:\/\/estacionchamamecera.com\/wp-content\/uploads\/2024\/08\/san_martin_8-555x367.jpg 555w, https:\/\/estacionchamamecera.com\/wp-content\/uploads\/2024\/08\/san_martin_8.jpg 1330w\" sizes=\"(max-width: 300px) 100vw, 300px\" \/><\/p>\r\n\r\n<p>La provincia, a trav\u00e9s de la Secretar\u00eda de Cultura, inicia este lunes 5 las actividades destinadas a alumnos de 4\u00ba, 5\u00ba y 6\u00ba grado de escuelas entrerrianas. El ciclo es sobre la vida y obra de San Mart\u00edn y se extender\u00e1 hasta fines de agosto.<br \/><br \/>En el mes homenaje a Jos\u00e9 de San Mart\u00edn, se desarrollar\u00e1 una propuesta educativa cultural destinada a alumnos de 4\u00ba, 5\u00ba y 6\u00ba grado de escuelas primarias de la provincia, que consistir\u00e1 en charlas informativas y proyecci\u00f3n del documental \u00abYo cruc\u00e9 Los Andes\u00bb. El primer encuentro, en el que se realizar\u00e1 la apertura del ciclo San Mart\u00edn en las escuelas, ser\u00e1 el lunes 5, a las 9, en el Museo Casa de Gobierno, ubicado en las calles M\u00e9jico y C\u00f3rdoba, de Paran\u00e1.<br \/><br \/>La actividad es organizada por la Secretar\u00eda de Cultura de la provincia y su desarrollo estar\u00e1 a cargo de integrantes de la Asociaci\u00f3n Sanmartiniana \u00abCuna de la Bandera\u00bb, de Rosario. La din\u00e1mica de trabajo establecida consiste en encuentros en el Museo Casa de Gobierno, lugar que adem\u00e1s ser\u00e1 propicio para que las delegaciones lo recorran y conozcan su valioso patrimonio, y en escuelas. Para participar, los establecimientos se inscribieron a trav\u00e9s del Consejo Provincial de Cultura, organismo que cuenta con representantes de las distintas localidades de Entre R\u00edos y que depende de la Secretar\u00eda de Cultura.<br \/>Homenaje y objetivos<br \/><br \/>Los encuentros se realizar\u00e1n en el marco del aniversario del fallecimiento del General Jos\u00e9 de San Mart\u00edn, el 17 de agosto de 1850, y con la intenci\u00f3n de revalorizar el rol clave que tuvo en la historia nacional y latinoamericana. Su memoria y legado que encarnan los valores de libertad, justicia, unidad e independencia, son inspiradores de esta propuesta adaptada para ni\u00f1os que estar\u00e1 a cargo de miembros de la asociaci\u00f3n rosarina. La actividad se enmarca en el programa de la Secretar\u00eda de Cultura \u00abEl rescate de nuestra historia\u00bb, que tiene como \u00abobjetivo valorar cada acontecimiento y figura relevante que haya contribuido a forjar nuestra identidad colectiva\u00bb, consignan los fundamentos.<br \/><br \/>En cuanto al programa de actividades se desarrollar\u00e1 de la siguiente manera: 5, 8, 12, 14, 19, 21, 26 y 28 de agosto, a las 9, se realizar\u00e1 la charla y proyecci\u00f3n del documental en el Museo Casa de Gobierno. En tanto, el 9, 16, 23 y 30, a la 15, el ciclo se llevar\u00e1 a cabo en las escuelas previamente inscriptas.<\/p>\r\n","protected":false},"excerpt":{"rendered":"<p>La provincia, a trav\u00e9s de la Secretar\u00eda de Cultura, inicia este lunes 5 las actividades destinadas a alumnos de 4\u00ba, 5\u00ba y 6\u00ba grado de escuelas entrerrianas. El ciclo es sobre la vida y obra de San Mart\u00edn y se extender\u00e1 hasta fines de agosto. En el mes homenaje a Jos\u00e9 de San Mart\u00edn, se &hellip; <\/p>\n<p><a class=\"more-link btn\" href=\"https:\/\/estacionchamamecera.com\/index.php\/2024\/08\/07\/san-martin-en-las-escuelas-comienza-un-ciclo-de-encuentros-con-charlas-y-proyecciones\/\">Seguir leyendo<\/a><\/p>\n","protected":false},"author":4,"featured_media":0,"comment_status":"open","ping_status":"open","sticky":false,"template":"","format":"standard","meta":{"footnotes":""},"categories":[3],"tags":[],"class_list":["post-816","post","type-post","status-publish","format-standard","hentry","category-provinciales","item-wrap"],"jetpack_featured_media_url":"","_links":{"self":[{"href":"https:\/\/estacionchamamecera.com\/index.php\/wp-json\/wp\/v2\/posts\/816","targetHints":{"allow":["GET"]}}],"collection":[{"href":"https:\/\/estacionchamamecera.com\/index.php\/wp-json\/wp\/v2\/posts"}],"about":[{"href":"https:\/\/estacionchamamecera.com\/index.php\/wp-json\/wp\/v2\/types\/post"}],"author":[{"embeddable":true,"href":"https:\/\/estacionchamamecera.com\/index.php\/wp-json\/wp\/v2\/users\/4"}],"replies":[{"embeddable":true,"href":"https:\/\/estacionchamamecera.com\/index.php\/wp-json\/wp\/v2\/comments?post=816"}],"version-history":[{"count":2,"href":"https:\/\/estacionchamamecera.com\/index.php\/wp-json\/wp\/v2\/posts\/816\/revisions"}],"predecessor-version":[{"id":822,"href":"https:\/\/estacionchamamecera.com\/index.php\/wp-json\/wp\/v2\/posts\/816\/revisions\/822"}],"wp:attachment":[{"href":"https:\/\/estacionchamamecera.com\/index.php\/wp-json\/wp\/v2\/media?parent=816"}],"wp:term":[{"taxonomy":"category","embeddable":true,"href":"https:\/\/estacionchamamecera.com\/index.php\/wp-json\/wp\/v2\/categories?post=816"},{"taxonomy":"post_tag","embeddable":true,"href":"https:\/\/estacionchamamecera.com\/index.php\/wp-json\/wp\/v2\/tags?post=816"}],"curies":[{"name":"wp","href":"https:\/\/api.w.org\/{rel}","templated":true}]}}