{"id":790,"date":"2024-07-16T15:41:19","date_gmt":"2024-07-16T15:41:19","guid":{"rendered":"https:\/\/estacionchamamecera.com\/?p=790"},"modified":"2024-07-16T15:41:19","modified_gmt":"2024-07-16T15:41:19","slug":"se-realizo-la-10a-fiesta-del-costillar-de-bufalo-a-la-estaca","status":"publish","type":"post","link":"https:\/\/estacionchamamecera.com\/index.php\/2024\/07\/16\/se-realizo-la-10a-fiesta-del-costillar-de-bufalo-a-la-estaca\/","title":{"rendered":"Se realiz\u00f3 la 10\u00aa Fiesta del Costillar de B\u00fafalo a la Estaca"},"content":{"rendered":"<p><img decoding=\"async\" class=\"aligncenter size-medium wp-image-795\" src=\"http:\/\/estacionchamamecera.com\/wp-content\/uploads\/2024\/07\/bufalo_5-300x198.jpeg\" alt=\"\" width=\"300\" height=\"198\" srcset=\"https:\/\/estacionchamamecera.com\/wp-content\/uploads\/2024\/07\/bufalo_5-300x198.jpeg 300w, https:\/\/estacionchamamecera.com\/wp-content\/uploads\/2024\/07\/bufalo_5-1024x678.jpeg 1024w, https:\/\/estacionchamamecera.com\/wp-content\/uploads\/2024\/07\/bufalo_5-768x508.jpeg 768w, https:\/\/estacionchamamecera.com\/wp-content\/uploads\/2024\/07\/bufalo_5-555x367.jpeg 555w, https:\/\/estacionchamamecera.com\/wp-content\/uploads\/2024\/07\/bufalo_5.jpeg 1330w\" sizes=\"(max-width: 300px) 100vw, 300px\" \/><\/p>\r\n\r\n<p>En la localidad de M\u00e9danos se celebr\u00f3 la 10\u00aa Fiesta del Costillar de B\u00fafalo a la Estaca. Numeroso p\u00fablico participa de esta fiesta que ofrece un almuerzo criollo, destrezas de riendas, danzas folkl\u00f3ricas y n\u00fameros musicales, entre otras actividades organizadas en el marco de los festejos patrios.<br \/><br \/>All\u00ed, en horas del mediod\u00eda, se hizo presente el gobernador Rogelio Frigerio. El primer mandatario entrerriano sostuvo: \u00abApoyamos cada una de las fiestas populares que apunten a mantener nuestras tradiciones\u00bb.<br \/><br \/>Junto al presidente comunal, Mauricio Migueles, recorri\u00f3 stands y salud\u00f3 a vecinos. Tambi\u00e9n participaron de la fiesta, la ministra de Desarrollo Humano, Ver\u00f3nica Berisso; el intendente de Ibicuy, Ezequiel Maneiro, y el senador provincia Rub\u00e9n Hern\u00e1n M\u00e9ndez.<\/p>\r\n","protected":false},"excerpt":{"rendered":"<p>En la localidad de M\u00e9danos se celebr\u00f3 la 10\u00aa Fiesta del Costillar de B\u00fafalo a la Estaca. Numeroso p\u00fablico participa de esta fiesta que ofrece un almuerzo criollo, destrezas de riendas, danzas folkl\u00f3ricas y n\u00fameros musicales, entre otras actividades organizadas en el marco de los festejos patrios. All\u00ed, en horas del mediod\u00eda, se hizo presente &hellip; <\/p>\n<p><a class=\"more-link btn\" href=\"https:\/\/estacionchamamecera.com\/index.php\/2024\/07\/16\/se-realizo-la-10a-fiesta-del-costillar-de-bufalo-a-la-estaca\/\">Seguir leyendo<\/a><\/p>\n","protected":false},"author":4,"featured_media":0,"comment_status":"open","ping_status":"open","sticky":false,"template":"","format":"standard","meta":{"footnotes":""},"categories":[3],"tags":[],"class_list":["post-790","post","type-post","status-publish","format-standard","hentry","category-provinciales","item-wrap"],"jetpack_featured_media_url":"","_links":{"self":[{"href":"https:\/\/estacionchamamecera.com\/index.php\/wp-json\/wp\/v2\/posts\/790","targetHints":{"allow":["GET"]}}],"collection":[{"href":"https:\/\/estacionchamamecera.com\/index.php\/wp-json\/wp\/v2\/posts"}],"about":[{"href":"https:\/\/estacionchamamecera.com\/index.php\/wp-json\/wp\/v2\/types\/post"}],"author":[{"embeddable":true,"href":"https:\/\/estacionchamamecera.com\/index.php\/wp-json\/wp\/v2\/users\/4"}],"replies":[{"embeddable":true,"href":"https:\/\/estacionchamamecera.com\/index.php\/wp-json\/wp\/v2\/comments?post=790"}],"version-history":[{"count":2,"href":"https:\/\/estacionchamamecera.com\/index.php\/wp-json\/wp\/v2\/posts\/790\/revisions"}],"predecessor-version":[{"id":796,"href":"https:\/\/estacionchamamecera.com\/index.php\/wp-json\/wp\/v2\/posts\/790\/revisions\/796"}],"wp:attachment":[{"href":"https:\/\/estacionchamamecera.com\/index.php\/wp-json\/wp\/v2\/media?parent=790"}],"wp:term":[{"taxonomy":"category","embeddable":true,"href":"https:\/\/estacionchamamecera.com\/index.php\/wp-json\/wp\/v2\/categories?post=790"},{"taxonomy":"post_tag","embeddable":true,"href":"https:\/\/estacionchamamecera.com\/index.php\/wp-json\/wp\/v2\/tags?post=790"}],"curies":[{"name":"wp","href":"https:\/\/api.w.org\/{rel}","templated":true}]}}