{"id":784,"date":"2024-07-16T15:28:25","date_gmt":"2024-07-16T15:28:25","guid":{"rendered":"https:\/\/estacionchamamecera.com\/?p=784"},"modified":"2024-07-16T15:28:25","modified_gmt":"2024-07-16T15:28:25","slug":"actividades-para-disfrutar-de-las-vacaciones-de-invierno-en-parana","status":"publish","type":"post","link":"https:\/\/estacionchamamecera.com\/index.php\/2024\/07\/16\/actividades-para-disfrutar-de-las-vacaciones-de-invierno-en-parana\/","title":{"rendered":"Actividades para disfrutar de las vacaciones de invierno en Paran\u00e1"},"content":{"rendered":"<p><img decoding=\"async\" class=\"aligncenter size-medium wp-image-787\" src=\"http:\/\/estacionchamamecera.com\/wp-content\/uploads\/2024\/07\/parana_bus_turisticopppppppppppppp-300x198.png\" alt=\"\" width=\"300\" height=\"198\" srcset=\"https:\/\/estacionchamamecera.com\/wp-content\/uploads\/2024\/07\/parana_bus_turisticopppppppppppppp-300x198.png 300w, https:\/\/estacionchamamecera.com\/wp-content\/uploads\/2024\/07\/parana_bus_turisticopppppppppppppp-1024x678.png 1024w, https:\/\/estacionchamamecera.com\/wp-content\/uploads\/2024\/07\/parana_bus_turisticopppppppppppppp-768x508.png 768w, https:\/\/estacionchamamecera.com\/wp-content\/uploads\/2024\/07\/parana_bus_turisticopppppppppppppp-555x367.png 555w, https:\/\/estacionchamamecera.com\/wp-content\/uploads\/2024\/07\/parana_bus_turisticopppppppppppppp.png 1330w\" sizes=\"(max-width: 300px) 100vw, 300px\" \/><\/p>\r\n\r\n<p>El Municipio, junto a referentes y productores de la ciudad, realizan una importante variedad de actividades para todas las edades hasta el domingo 28 de julio. Entre las propuestas, hay teatro, ferias y paseos en el centro y los barrios.<br \/><br \/>Se destacan una feria con libros, juegos y editoriales para infancias y adolescencias; el Festival de Espect\u00e1culos Infantiles (FEI); artesanos y emprendedores; paseos por los humedales del Oeste y visitas a la reserva natural Isla Curup\u00ed. <br \/><br \/>\u201cHemos preparado junto con los actores de la comunidad involucrados en turismo, en el deporte, en la cultura, una agenda de invierno en la ciudad para los vecinos y vecinas de Paran\u00e1 y tambi\u00e9n aquellos turistas que elijan esta preciosa ciudad como destino para sus vacaciones de invierno\u201d, destac\u00f3 la secretaria de Educaci\u00f3n, Cultura y Convivencia Ciudadana, Nadia Bilat. <br \/><br \/>\u201cParan\u00e1 se posiciona muy bien para estas vacaciones de invierno producto de un trabajo sostenido. El turismo genera estos escenarios ideales para mostrar lo mejor de lo nuestro, y muchas de esas ideas son propuestas de los propios paranaenses que el Municipio asiste para darle mayor contenido a la agenda\u201d, valor\u00f3 Agust\u00edn Clavenzani, subsecretario de Turismo y presidente del directorio del Ente Mixto de Turismo (EMPATUR).<br \/>Ferias<br \/><br \/>El emprendedurismo tiene su lugar con la tradicional Feria de Artesanos y Artesanas, Emprendedores y patio gastron\u00f3mico en el Puerto Nuevo; Sabores de la Feria en Mercado Sur y Feria de Salta y Nogoy\u00e1. \u201cTenemos 80 emprendedores y 80 artesanos, patio gastron\u00f3mico con food trucks y actividades infantiles en inmediaciones a Sala Mayo. Una nutrida agenda en los mercados con la tradicional propuesta de los puestos y actividades culturales. Y adem\u00e1s semanalmente la Feria en tu Barrio recorre los barrios paranaenses\u201d, se\u00f1al\u00f3 Nahir Santana, coordinadora de Emprendedores, Ferias y Mercados<br \/><br \/>Festival de Espect\u00e1culos Infantiles<br \/><br \/>Desde el martes 9 al 13 de julio; y del 16 al 20 de julio, a las 16 horas, se desarrolla una nueva edici\u00f3n del FEI con teatreros, payasos, m\u00fasicos y titiriteros. Los espect\u00e1culos se presentar\u00e1n en el Teatro 3 de Febrero. \u201cEl FEI ya es un cl\u00e1sico de la ciudad y este a\u00f1o nos convoca nuevamente para brindarles espect\u00e1culos a los gurises. Hay una gran diversidad de iniciativas para esta edici\u00f3n, que agrupa a la mayor\u00eda de los grupos culturales de la ciudad\u201d, manifest\u00f3 Carlos Vicent\u00edn, de Saltinbanquis.<br \/>Islote Curup\u00ed y los Humedales <br \/><br \/>Paranaenses y visitantes pueden descubrir y conocer la ciudad desde otro punto de vista. Por una parte, con la excursi\u00f3n al Islote Curup\u00ed frente a la costanera. Por otro lado, recorriendo los Humedales del Paran\u00e1 en la zona oeste, adentr\u00e1ndose en este ecosistema \u00fanico. En los senderos se encontrar\u00e1 flora y fauna nativa, avistaje de aves, selva en galer\u00eda y m\u00e1s, guiados por los Cuidadores de la Casa Com\u00fan. <br \/><br \/>\u201cDesde el Islote Curup\u00ed llevamos adelante un proyecto de turismo educativo y es muy interesante porque tenemos la posibilidad de caminar por un hermoso paisaje y hacer un reconocimiento de especies, de la fauna y de la flora\u201d, cont\u00f3 Luis Romero, responsable del Islote Curup\u00ed<\/p>\r\n","protected":false},"excerpt":{"rendered":"<p>El Municipio, junto a referentes y productores de la ciudad, realizan una importante variedad de actividades para todas las edades hasta el domingo 28 de julio. Entre las propuestas, hay teatro, ferias y paseos en el centro y los barrios. Se destacan una feria con libros, juegos y editoriales para infancias y adolescencias; el Festival &hellip; <\/p>\n<p><a class=\"more-link btn\" href=\"https:\/\/estacionchamamecera.com\/index.php\/2024\/07\/16\/actividades-para-disfrutar-de-las-vacaciones-de-invierno-en-parana\/\">Seguir leyendo<\/a><\/p>\n","protected":false},"author":4,"featured_media":0,"comment_status":"open","ping_status":"open","sticky":false,"template":"","format":"standard","meta":{"footnotes":""},"categories":[4],"tags":[],"class_list":["post-784","post","type-post","status-publish","format-standard","hentry","category-cultura","item-wrap"],"jetpack_featured_media_url":"","_links":{"self":[{"href":"https:\/\/estacionchamamecera.com\/index.php\/wp-json\/wp\/v2\/posts\/784","targetHints":{"allow":["GET"]}}],"collection":[{"href":"https:\/\/estacionchamamecera.com\/index.php\/wp-json\/wp\/v2\/posts"}],"about":[{"href":"https:\/\/estacionchamamecera.com\/index.php\/wp-json\/wp\/v2\/types\/post"}],"author":[{"embeddable":true,"href":"https:\/\/estacionchamamecera.com\/index.php\/wp-json\/wp\/v2\/users\/4"}],"replies":[{"embeddable":true,"href":"https:\/\/estacionchamamecera.com\/index.php\/wp-json\/wp\/v2\/comments?post=784"}],"version-history":[{"count":2,"href":"https:\/\/estacionchamamecera.com\/index.php\/wp-json\/wp\/v2\/posts\/784\/revisions"}],"predecessor-version":[{"id":788,"href":"https:\/\/estacionchamamecera.com\/index.php\/wp-json\/wp\/v2\/posts\/784\/revisions\/788"}],"wp:attachment":[{"href":"https:\/\/estacionchamamecera.com\/index.php\/wp-json\/wp\/v2\/media?parent=784"}],"wp:term":[{"taxonomy":"category","embeddable":true,"href":"https:\/\/estacionchamamecera.com\/index.php\/wp-json\/wp\/v2\/categories?post=784"},{"taxonomy":"post_tag","embeddable":true,"href":"https:\/\/estacionchamamecera.com\/index.php\/wp-json\/wp\/v2\/tags?post=784"}],"curies":[{"name":"wp","href":"https:\/\/api.w.org\/{rel}","templated":true}]}}