{"id":733,"date":"2024-05-28T14:19:58","date_gmt":"2024-05-28T14:19:58","guid":{"rendered":"https:\/\/estacionchamamecera.com\/?p=733"},"modified":"2024-05-28T14:19:58","modified_gmt":"2024-05-28T14:19:58","slug":"publicaron-el-primer-episodio-de-la-produccion-sonora-entre-rios-musica-de-mi-terruno","status":"publish","type":"post","link":"https:\/\/estacionchamamecera.com\/index.php\/2024\/05\/28\/publicaron-el-primer-episodio-de-la-produccion-sonora-entre-rios-musica-de-mi-terruno\/","title":{"rendered":"Publicaron el primer episodio de la producci\u00f3n sonora \u00abEntre R\u00edos, m\u00fasica de mi terru\u00f1o\u00bb"},"content":{"rendered":"<p><img decoding=\"async\" class=\"aligncenter size-medium wp-image-738\" src=\"http:\/\/estacionchamamecera.com\/wp-content\/uploads\/2024\/05\/victor_casco_37-N-300x198.png\" alt=\"\" width=\"300\" height=\"198\" srcset=\"https:\/\/estacionchamamecera.com\/wp-content\/uploads\/2024\/05\/victor_casco_37-N-300x198.png 300w, https:\/\/estacionchamamecera.com\/wp-content\/uploads\/2024\/05\/victor_casco_37-N-1024x678.png 1024w, https:\/\/estacionchamamecera.com\/wp-content\/uploads\/2024\/05\/victor_casco_37-N-768x508.png 768w, https:\/\/estacionchamamecera.com\/wp-content\/uploads\/2024\/05\/victor_casco_37-N-555x367.png 555w, https:\/\/estacionchamamecera.com\/wp-content\/uploads\/2024\/05\/victor_casco_37-N.png 1330w\" sizes=\"(max-width: 300px) 100vw, 300px\" \/><\/p>\r\n\r\n<p>El \u00c1rea Audio del Centro de Producci\u00f3n en Comunicaci\u00f3n y Educaci\u00f3n a trav\u00e9s de la Agencia Radiof\u00f3nica de Comunicaci\u00f3n present\u00f3 el cap\u00edtulo 519 titulado \u201cGustavo Reynoso. Un bandone\u00f3n entrerriano\u201d. Los seis microprogramas recorren su infancia, las influencias que marcaron sus composiciones, las amistades y, entre otras tem\u00e1ticas, sus discos editados.<br \/><br \/>\u201cEntre R\u00edos, m\u00fasica de mi terru\u00f1o\u201d es una producci\u00f3n integral que parti\u00f3 de un libro de partituras producto de la investigaci\u00f3n, selecci\u00f3n de obras y versi\u00f3n para piano de Silvia Teijeira.<br \/>La pianista trabaj\u00f3 sobre obras compuestas para otros instrumentos, de m\u00fasicos con diversas formaciones y de distintas regiones de la provincia.<br \/>La publicaci\u00f3n, estuvo a cargo del \u00c1rea Gr\u00e1fica del Centro de Producci\u00f3n en Comunicaci\u00f3n y Educaci\u00f3n, en coproducci\u00f3n con el Consejo General de Educaci\u00f3n y la Escuela de M\u00fasica de la Ciudad de Victoria. Actualmente se distribuye en los Institutos de M\u00fasica de Entre R\u00edos y compila las partituras de once obras folcl\u00f3ricas de autores entrerrianos: Fernando Ram\u00f3n Navarro (Federal), Silvia Teijeira (Federal-Paran\u00e1), Facundo Torres\u00e1n (Concepci\u00f3n del Uruguay), Walter Heinze (Crespo-Paran\u00e1), Gustavo Reynoso (Aranguren), Ricardo \u201cCary\u201d Pico (Gualeguay), Juan Mart\u00edn Caraballo (Gualeguay), Higinio \u201cChanguito\u201d Medina (Federal), Gustavo \u201cKoky\u201d Satler (Paran\u00e1), Luis \u201cNegro\u201d Silvestri (Federal) y Miguel \u201cZurdo\u201d Mart\u00ednez (Paran\u00e1). La obra incluye, adem\u00e1s, una breve semblanza biogr\u00e1fica de cada autor y c\u00f3digos QR que remiten a archivos sonoros con la pieza original y la versi\u00f3n para piano ejecutada por Teijeira.<br \/><br \/>El libro fue el disparador de un universo narrativo que se despliega en diferentes lenguajes. \u201cEntre R\u00edos, m\u00fasica de mi terru\u00f1o\u201d incluye una serie de podcast y un recorrido virtual visual y sonoro por la provincia.<br \/><br \/>Para concretar estas piezas, las \u00c1reas Gr\u00e1fica y de Audio del CePCE trabajaron articuladamente y realizaron entrevistas en profundidad, en el lugar de origen de los autores, y tomaron registros fotogr\u00e1ficos y audiovisuales.<br \/>Equipo de trabajo<br \/><br \/>Oscar Bosetti (coordinador), Erika Bidal, Miguel Latuff, Ariel Levatti, Lea Lvovich, Leonardo Mare, Federico Vimberg<br \/><br \/><br \/><br \/>Contenido:<br \/><br \/>MICRO 1: La infancia (06:02)<br \/>MICRO 2: Las influencias (06:21)<br \/>MICRO 3: Amigos grandes, grandes amigos (07:45)<br \/>MICRO 4: La m\u00fasica y la vida, o viceversa (07:07)<br \/>MICRO 5: Los discos (06:37)<br \/>MICRO 6: De chamam\u00e9 y redes sociales (07:26)<br \/>Para escuchar: https:\/\/www.fcedu.uner.edu.ar\/arc\/capitulo-519-gustavo-reynoso-un-bandoneon-entrerriano\/<\/p>\r\n","protected":false},"excerpt":{"rendered":"<p>El \u00c1rea Audio del Centro de Producci\u00f3n en Comunicaci\u00f3n y Educaci\u00f3n a trav\u00e9s de la Agencia Radiof\u00f3nica de Comunicaci\u00f3n present\u00f3 el cap\u00edtulo 519 titulado \u201cGustavo Reynoso. Un bandone\u00f3n entrerriano\u201d. Los seis microprogramas recorren su infancia, las influencias que marcaron sus composiciones, las amistades y, entre otras tem\u00e1ticas, sus discos editados. \u201cEntre R\u00edos, m\u00fasica de mi &hellip; <\/p>\n<p><a class=\"more-link btn\" href=\"https:\/\/estacionchamamecera.com\/index.php\/2024\/05\/28\/publicaron-el-primer-episodio-de-la-produccion-sonora-entre-rios-musica-de-mi-terruno\/\">Seguir leyendo<\/a><\/p>\n","protected":false},"author":4,"featured_media":0,"comment_status":"open","ping_status":"open","sticky":false,"template":"","format":"standard","meta":{"footnotes":""},"categories":[3],"tags":[],"class_list":["post-733","post","type-post","status-publish","format-standard","hentry","category-provinciales","item-wrap"],"jetpack_featured_media_url":"","_links":{"self":[{"href":"https:\/\/estacionchamamecera.com\/index.php\/wp-json\/wp\/v2\/posts\/733","targetHints":{"allow":["GET"]}}],"collection":[{"href":"https:\/\/estacionchamamecera.com\/index.php\/wp-json\/wp\/v2\/posts"}],"about":[{"href":"https:\/\/estacionchamamecera.com\/index.php\/wp-json\/wp\/v2\/types\/post"}],"author":[{"embeddable":true,"href":"https:\/\/estacionchamamecera.com\/index.php\/wp-json\/wp\/v2\/users\/4"}],"replies":[{"embeddable":true,"href":"https:\/\/estacionchamamecera.com\/index.php\/wp-json\/wp\/v2\/comments?post=733"}],"version-history":[{"count":2,"href":"https:\/\/estacionchamamecera.com\/index.php\/wp-json\/wp\/v2\/posts\/733\/revisions"}],"predecessor-version":[{"id":739,"href":"https:\/\/estacionchamamecera.com\/index.php\/wp-json\/wp\/v2\/posts\/733\/revisions\/739"}],"wp:attachment":[{"href":"https:\/\/estacionchamamecera.com\/index.php\/wp-json\/wp\/v2\/media?parent=733"}],"wp:term":[{"taxonomy":"category","embeddable":true,"href":"https:\/\/estacionchamamecera.com\/index.php\/wp-json\/wp\/v2\/categories?post=733"},{"taxonomy":"post_tag","embeddable":true,"href":"https:\/\/estacionchamamecera.com\/index.php\/wp-json\/wp\/v2\/tags?post=733"}],"curies":[{"name":"wp","href":"https:\/\/api.w.org\/{rel}","templated":true}]}}