{"id":727,"date":"2024-05-28T14:14:54","date_gmt":"2024-05-28T14:14:54","guid":{"rendered":"https:\/\/estacionchamamecera.com\/?p=727"},"modified":"2024-05-28T14:14:54","modified_gmt":"2024-05-28T14:14:54","slug":"se-celebra-este-martes-el-dia-nacional-de-los-jardines-de-infantes","status":"publish","type":"post","link":"https:\/\/estacionchamamecera.com\/index.php\/2024\/05\/28\/se-celebra-este-martes-el-dia-nacional-de-los-jardines-de-infantes\/","title":{"rendered":"Se celebra este martes el D\u00eda Nacional de los Jardines de Infantes"},"content":{"rendered":"<p><img decoding=\"async\" class=\"aligncenter size-medium wp-image-734\" src=\"http:\/\/estacionchamamecera.com\/wp-content\/uploads\/2024\/05\/dia-de-los-jardines-1-300x198.png\" alt=\"\" width=\"300\" height=\"198\" srcset=\"https:\/\/estacionchamamecera.com\/wp-content\/uploads\/2024\/05\/dia-de-los-jardines-1-300x198.png 300w, https:\/\/estacionchamamecera.com\/wp-content\/uploads\/2024\/05\/dia-de-los-jardines-1-1024x678.png 1024w, https:\/\/estacionchamamecera.com\/wp-content\/uploads\/2024\/05\/dia-de-los-jardines-1-768x508.png 768w, https:\/\/estacionchamamecera.com\/wp-content\/uploads\/2024\/05\/dia-de-los-jardines-1-555x367.png 555w, https:\/\/estacionchamamecera.com\/wp-content\/uploads\/2024\/05\/dia-de-los-jardines-1.png 1330w\" sizes=\"(max-width: 300px) 100vw, 300px\" \/><\/p>\r\n\r\n<p>Se conmemora el d\u00eda de la Educaci\u00f3n Inicial, honrando el legado de la educadora y pedagoga Rosario Vera Pe\u00f1aloza. En este contexto, la Direcci\u00f3n de Educaci\u00f3n Inicial y el Portal Aprender del Consejo General de Educaci\u00f3n (CGE) se unen para compartir material dise\u00f1ado a fin de enriquecer las experiencias educativas en el nivel inicial de la provincia.<br \/><br \/>\u00abEste d\u00eda muy especial es mucho m\u00e1s que una celebraci\u00f3n; es un momento para reflexionar sobre la importancia de la educaci\u00f3n inicial en el desarrollo integral de los ni\u00f1os. Es tambi\u00e9n una oportunidad para reconocer el incansable trabajo y la dedicaci\u00f3n de los docentes de nivel inicial, quienes d\u00eda a d\u00eda construyen un entorno propicio para el aprendizaje y el crecimiento de los ni\u00f1os\u00bb, remarc\u00f3 la directora de nivel inicial del CGE, Florencia Pi\u00f1eiro.<br \/><br \/>Rosario Vera Pe\u00f1aloza, contribuy\u00f3 de manera significativa a la consolidaci\u00f3n y enriquecimiento del sistema educativo, con una visi\u00f3n que abarcaba no solo la formaci\u00f3n acad\u00e9mica, sino tambi\u00e9n el fortalecimiento de la identidad cultural y social de las infancias. En su memoria, el 28 de mayo, fecha de su fallecimiento, se conmemora el D\u00eda Nacional de los Jardines de Infantes y del Docente de Nivel Inicial, instituido por Ley 27.059, sancionada el 3 de diciembre de 2014.<br \/><br \/>\u00abEn esta jornada renovamos nuestro compromiso de brindar una educaci\u00f3n inicial de calidad, que estimule la curiosidad, la creatividad y el amor por el aprendizaje en cada ni\u00f1o de nuestra provincia. Apoyar las propuestas educativas en Primera Infancia y trabajar en colaboraci\u00f3n con toda la comunidad educativa es clave para construir un sistema educativo inclusivo y equitativo, donde cada ni\u00f1o tenga acceso a oportunidades de desarrollo pleno\u00bb, agreg\u00f3 Pi\u00f1eiro.<\/p>\r\n","protected":false},"excerpt":{"rendered":"<p>Se conmemora el d\u00eda de la Educaci\u00f3n Inicial, honrando el legado de la educadora y pedagoga Rosario Vera Pe\u00f1aloza. En este contexto, la Direcci\u00f3n de Educaci\u00f3n Inicial y el Portal Aprender del Consejo General de Educaci\u00f3n (CGE) se unen para compartir material dise\u00f1ado a fin de enriquecer las experiencias educativas en el nivel inicial de &hellip; <\/p>\n<p><a class=\"more-link btn\" href=\"https:\/\/estacionchamamecera.com\/index.php\/2024\/05\/28\/se-celebra-este-martes-el-dia-nacional-de-los-jardines-de-infantes\/\">Seguir leyendo<\/a><\/p>\n","protected":false},"author":4,"featured_media":0,"comment_status":"open","ping_status":"open","sticky":false,"template":"","format":"standard","meta":{"footnotes":""},"categories":[3],"tags":[],"class_list":["post-727","post","type-post","status-publish","format-standard","hentry","category-provinciales","item-wrap"],"jetpack_featured_media_url":"","_links":{"self":[{"href":"https:\/\/estacionchamamecera.com\/index.php\/wp-json\/wp\/v2\/posts\/727","targetHints":{"allow":["GET"]}}],"collection":[{"href":"https:\/\/estacionchamamecera.com\/index.php\/wp-json\/wp\/v2\/posts"}],"about":[{"href":"https:\/\/estacionchamamecera.com\/index.php\/wp-json\/wp\/v2\/types\/post"}],"author":[{"embeddable":true,"href":"https:\/\/estacionchamamecera.com\/index.php\/wp-json\/wp\/v2\/users\/4"}],"replies":[{"embeddable":true,"href":"https:\/\/estacionchamamecera.com\/index.php\/wp-json\/wp\/v2\/comments?post=727"}],"version-history":[{"count":2,"href":"https:\/\/estacionchamamecera.com\/index.php\/wp-json\/wp\/v2\/posts\/727\/revisions"}],"predecessor-version":[{"id":735,"href":"https:\/\/estacionchamamecera.com\/index.php\/wp-json\/wp\/v2\/posts\/727\/revisions\/735"}],"wp:attachment":[{"href":"https:\/\/estacionchamamecera.com\/index.php\/wp-json\/wp\/v2\/media?parent=727"}],"wp:term":[{"taxonomy":"category","embeddable":true,"href":"https:\/\/estacionchamamecera.com\/index.php\/wp-json\/wp\/v2\/categories?post=727"},{"taxonomy":"post_tag","embeddable":true,"href":"https:\/\/estacionchamamecera.com\/index.php\/wp-json\/wp\/v2\/tags?post=727"}],"curies":[{"name":"wp","href":"https:\/\/api.w.org\/{rel}","templated":true}]}}