{"id":723,"date":"2024-05-28T14:07:43","date_gmt":"2024-05-28T14:07:43","guid":{"rendered":"https:\/\/estacionchamamecera.com\/?p=723"},"modified":"2024-05-28T14:07:43","modified_gmt":"2024-05-28T14:07:43","slug":"federal-se-llevo-con-todo-exito-el-primer-ciclo-federal-chamame","status":"publish","type":"post","link":"https:\/\/estacionchamamecera.com\/index.php\/2024\/05\/28\/federal-se-llevo-con-todo-exito-el-primer-ciclo-federal-chamame\/","title":{"rendered":"FEDERAL&#8211;SE LLEVO CON TODO EXITO EL PRIMER CICLO FEDERAL CHAMAM\u00c9"},"content":{"rendered":"<p><img decoding=\"async\" class=\"aligncenter size-medium wp-image-728\" src=\"http:\/\/estacionchamamecera.com\/wp-content\/uploads\/2024\/05\/441873988_862201082600966_1651723515994121159_n-300x200.jpg\" alt=\"\" width=\"300\" height=\"200\" srcset=\"https:\/\/estacionchamamecera.com\/wp-content\/uploads\/2024\/05\/441873988_862201082600966_1651723515994121159_n-300x200.jpg 300w, https:\/\/estacionchamamecera.com\/wp-content\/uploads\/2024\/05\/441873988_862201082600966_1651723515994121159_n-1024x683.jpg 1024w, https:\/\/estacionchamamecera.com\/wp-content\/uploads\/2024\/05\/441873988_862201082600966_1651723515994121159_n-768x512.jpg 768w, https:\/\/estacionchamamecera.com\/wp-content\/uploads\/2024\/05\/441873988_862201082600966_1651723515994121159_n-555x370.jpg 555w, https:\/\/estacionchamamecera.com\/wp-content\/uploads\/2024\/05\/441873988_862201082600966_1651723515994121159_n.jpg 1080w\" sizes=\"(max-width: 300px) 100vw, 300px\" \/><img decoding=\"async\" class=\"aligncenter size-medium wp-image-729\" src=\"http:\/\/estacionchamamecera.com\/wp-content\/uploads\/2024\/05\/445235003_862201042600970_8300262482180430061_n-300x200.jpg\" alt=\"\" width=\"300\" height=\"200\" srcset=\"https:\/\/estacionchamamecera.com\/wp-content\/uploads\/2024\/05\/445235003_862201042600970_8300262482180430061_n-300x200.jpg 300w, https:\/\/estacionchamamecera.com\/wp-content\/uploads\/2024\/05\/445235003_862201042600970_8300262482180430061_n-1024x683.jpg 1024w, https:\/\/estacionchamamecera.com\/wp-content\/uploads\/2024\/05\/445235003_862201042600970_8300262482180430061_n-768x512.jpg 768w, https:\/\/estacionchamamecera.com\/wp-content\/uploads\/2024\/05\/445235003_862201042600970_8300262482180430061_n-555x370.jpg 555w, https:\/\/estacionchamamecera.com\/wp-content\/uploads\/2024\/05\/445235003_862201042600970_8300262482180430061_n.jpg 1080w\" sizes=\"(max-width: 300px) 100vw, 300px\" \/><img decoding=\"async\" class=\"aligncenter size-medium wp-image-730\" src=\"http:\/\/estacionchamamecera.com\/wp-content\/uploads\/2024\/05\/441959008_862200905934317_2391973588427553106_n-300x200.jpg\" alt=\"\" width=\"300\" height=\"200\" srcset=\"https:\/\/estacionchamamecera.com\/wp-content\/uploads\/2024\/05\/441959008_862200905934317_2391973588427553106_n-300x200.jpg 300w, https:\/\/estacionchamamecera.com\/wp-content\/uploads\/2024\/05\/441959008_862200905934317_2391973588427553106_n-1024x683.jpg 1024w, https:\/\/estacionchamamecera.com\/wp-content\/uploads\/2024\/05\/441959008_862200905934317_2391973588427553106_n-768x512.jpg 768w, https:\/\/estacionchamamecera.com\/wp-content\/uploads\/2024\/05\/441959008_862200905934317_2391973588427553106_n-555x370.jpg 555w, https:\/\/estacionchamamecera.com\/wp-content\/uploads\/2024\/05\/441959008_862200905934317_2391973588427553106_n.jpg 1080w\" sizes=\"(max-width: 300px) 100vw, 300px\" \/><\/p>\r\n\r\n<p>En el Centro Municipal de Cultura, los acordes del Chamam\u00e9 colmaron el ambiente. Se llev\u00f3 a cabo el primer Ciclo Federal Chamam\u00e9.<br \/>.<br \/>\ud83c\udfb8 Evento, que marca el camino hacia la \u00abEdici\u00f3n 50 Dorada\u00bb del Festival Nacional del Chamam\u00e9. <br \/>\ud83c\udfb6\ud83c\udde6\ud83c\uddf7En esta vigilia, por el 25 de Mayo, se record\u00f3 el nacimiento de la Patria con la m\u00fasica que nos da identidad cultural. <br \/>.<br \/>\ud83d\udcf8 Podes revivir todo el ciclo en http:\/\/federal.gob.ar\/federalchamame<br \/>.<br \/>#Chamam\u00e9Federal #FestivalNacionalDelChamam\u00e9 #25deMayo #Gala #Patria<\/p>\r\n","protected":false},"excerpt":{"rendered":"<p>En el Centro Municipal de Cultura, los acordes del Chamam\u00e9 colmaron el ambiente. Se llev\u00f3 a cabo el primer Ciclo Federal Chamam\u00e9..\ud83c\udfb8 Evento, que marca el camino hacia la \u00abEdici\u00f3n 50 Dorada\u00bb del Festival Nacional del Chamam\u00e9. \ud83c\udfb6\ud83c\udde6\ud83c\uddf7En esta vigilia, por el 25 de Mayo, se record\u00f3 el nacimiento de la Patria con la m\u00fasica &hellip; <\/p>\n<p><a class=\"more-link btn\" href=\"https:\/\/estacionchamamecera.com\/index.php\/2024\/05\/28\/federal-se-llevo-con-todo-exito-el-primer-ciclo-federal-chamame\/\">Seguir leyendo<\/a><\/p>\n","protected":false},"author":4,"featured_media":0,"comment_status":"open","ping_status":"open","sticky":false,"template":"","format":"standard","meta":{"footnotes":""},"categories":[2],"tags":[],"class_list":["post-723","post","type-post","status-publish","format-standard","hentry","category-locales","item-wrap"],"jetpack_featured_media_url":"","_links":{"self":[{"href":"https:\/\/estacionchamamecera.com\/index.php\/wp-json\/wp\/v2\/posts\/723","targetHints":{"allow":["GET"]}}],"collection":[{"href":"https:\/\/estacionchamamecera.com\/index.php\/wp-json\/wp\/v2\/posts"}],"about":[{"href":"https:\/\/estacionchamamecera.com\/index.php\/wp-json\/wp\/v2\/types\/post"}],"author":[{"embeddable":true,"href":"https:\/\/estacionchamamecera.com\/index.php\/wp-json\/wp\/v2\/users\/4"}],"replies":[{"embeddable":true,"href":"https:\/\/estacionchamamecera.com\/index.php\/wp-json\/wp\/v2\/comments?post=723"}],"version-history":[{"count":2,"href":"https:\/\/estacionchamamecera.com\/index.php\/wp-json\/wp\/v2\/posts\/723\/revisions"}],"predecessor-version":[{"id":731,"href":"https:\/\/estacionchamamecera.com\/index.php\/wp-json\/wp\/v2\/posts\/723\/revisions\/731"}],"wp:attachment":[{"href":"https:\/\/estacionchamamecera.com\/index.php\/wp-json\/wp\/v2\/media?parent=723"}],"wp:term":[{"taxonomy":"category","embeddable":true,"href":"https:\/\/estacionchamamecera.com\/index.php\/wp-json\/wp\/v2\/categories?post=723"},{"taxonomy":"post_tag","embeddable":true,"href":"https:\/\/estacionchamamecera.com\/index.php\/wp-json\/wp\/v2\/tags?post=723"}],"curies":[{"name":"wp","href":"https:\/\/api.w.org\/{rel}","templated":true}]}}