{"id":695,"date":"2024-05-09T17:01:41","date_gmt":"2024-05-09T17:01:41","guid":{"rendered":"https:\/\/estacionchamamecera.com\/?p=695"},"modified":"2024-05-09T17:01:41","modified_gmt":"2024-05-09T17:01:41","slug":"federal-se-parte-de-la-historia-del-festival-atencion","status":"publish","type":"post","link":"https:\/\/estacionchamamecera.com\/index.php\/2024\/05\/09\/federal-se-parte-de-la-historia-del-festival-atencion\/","title":{"rendered":"FEDERAL&#8211;SE PARTE DE LA HISTORIA DEL FESTIVAL. ATENCI\u00d3N!!!"},"content":{"rendered":"<p><img decoding=\"async\" class=\"aligncenter size-medium wp-image-700\" src=\"http:\/\/estacionchamamecera.com\/wp-content\/uploads\/2024\/05\/442439796_849600140527727_5806308255898193126_n-300x300.jpg\" alt=\"\" width=\"300\" height=\"300\" srcset=\"https:\/\/estacionchamamecera.com\/wp-content\/uploads\/2024\/05\/442439796_849600140527727_5806308255898193126_n-300x300.jpg 300w, https:\/\/estacionchamamecera.com\/wp-content\/uploads\/2024\/05\/442439796_849600140527727_5806308255898193126_n-150x150.jpg 150w, https:\/\/estacionchamamecera.com\/wp-content\/uploads\/2024\/05\/442439796_849600140527727_5806308255898193126_n-555x555.jpg 555w, https:\/\/estacionchamamecera.com\/wp-content\/uploads\/2024\/05\/442439796_849600140527727_5806308255898193126_n.jpg 600w\" sizes=\"(max-width: 300px) 100vw, 300px\" \/><\/p>\r\n\r\n<p>Si vas a 6to. grado de la Esc. Primaria del Dpto. Federal, podr\u00e1s participar del concurso \u00abMI LOGO AL MUNDO\u00bb <br \/>Us\u00e1 tu imaginaci\u00f3n y CREA el LOGO OFICIAL de las BAILANTAS del Festival Nacional del Chamam\u00e9.<br \/>Dibuj\u00e1 un motivo que represente a las bailantas m\u00e1s famosas del pa\u00eds y podr\u00e1s ganar hermosos premios y ser un protagonista privilegiado de la Fiesta Mayor \ud83e\ude97\ud83c\udfbc.<br \/>Las reglas son simples:<br \/>\ud83d\udccc DIRIGIDO A ALUMNAS\/OS DE 6TO. GRADO DE LAS ESCUELAS PRIMARIAS DEL DEPARTAMENTO FEDERAL.<br \/>\ud83d\udccc IMAGINAR UN LOGO (PUEDE CONTENER LOS ELEMENTOS QUE VOS DESEES, SIEMPRE QUE REPRESENTEN A LA CULTURA CHAMAMECERA DE NUESTRA FIESTA MAYOR)<br \/>\ud83d\udccc DIBUJAR EN HOJA A 4. T\u00c9CNICA LIBRE. (A MANO, CON LA COMPU, EN EL CELU O COMO QUIERAS).<br \/>\ud83d\udccc SOLICITAR A UN ADULTO QUE TE ACOMPA\u00d1E PARA TRAERLO PERSONALMENTE AL CENTRO MUNICIPAL DE CULTURA (Belgrano y 25 de Mayo). PODR\u00c1S UTILIZAR CUALQUIER FORMATO. <br \/>TEN\u00c9S TIEMPO HASTA EL 16 DE AGOSTO.<\/p>\r\n","protected":false},"excerpt":{"rendered":"<p>Si vas a 6to. grado de la Esc. Primaria del Dpto. Federal, podr\u00e1s participar del concurso \u00abMI LOGO AL MUNDO\u00bb Us\u00e1 tu imaginaci\u00f3n y CREA el LOGO OFICIAL de las BAILANTAS del Festival Nacional del Chamam\u00e9.Dibuj\u00e1 un motivo que represente a las bailantas m\u00e1s famosas del pa\u00eds y podr\u00e1s ganar hermosos premios y ser un &hellip; <\/p>\n<p><a class=\"more-link btn\" href=\"https:\/\/estacionchamamecera.com\/index.php\/2024\/05\/09\/federal-se-parte-de-la-historia-del-festival-atencion\/\">Seguir leyendo<\/a><\/p>\n","protected":false},"author":4,"featured_media":0,"comment_status":"open","ping_status":"open","sticky":false,"template":"","format":"standard","meta":{"footnotes":""},"categories":[2],"tags":[],"class_list":["post-695","post","type-post","status-publish","format-standard","hentry","category-locales","item-wrap"],"jetpack_featured_media_url":"","_links":{"self":[{"href":"https:\/\/estacionchamamecera.com\/index.php\/wp-json\/wp\/v2\/posts\/695","targetHints":{"allow":["GET"]}}],"collection":[{"href":"https:\/\/estacionchamamecera.com\/index.php\/wp-json\/wp\/v2\/posts"}],"about":[{"href":"https:\/\/estacionchamamecera.com\/index.php\/wp-json\/wp\/v2\/types\/post"}],"author":[{"embeddable":true,"href":"https:\/\/estacionchamamecera.com\/index.php\/wp-json\/wp\/v2\/users\/4"}],"replies":[{"embeddable":true,"href":"https:\/\/estacionchamamecera.com\/index.php\/wp-json\/wp\/v2\/comments?post=695"}],"version-history":[{"count":2,"href":"https:\/\/estacionchamamecera.com\/index.php\/wp-json\/wp\/v2\/posts\/695\/revisions"}],"predecessor-version":[{"id":701,"href":"https:\/\/estacionchamamecera.com\/index.php\/wp-json\/wp\/v2\/posts\/695\/revisions\/701"}],"wp:attachment":[{"href":"https:\/\/estacionchamamecera.com\/index.php\/wp-json\/wp\/v2\/media?parent=695"}],"wp:term":[{"taxonomy":"category","embeddable":true,"href":"https:\/\/estacionchamamecera.com\/index.php\/wp-json\/wp\/v2\/categories?post=695"},{"taxonomy":"post_tag","embeddable":true,"href":"https:\/\/estacionchamamecera.com\/index.php\/wp-json\/wp\/v2\/tags?post=695"}],"curies":[{"name":"wp","href":"https:\/\/api.w.org\/{rel}","templated":true}]}}