{"id":629,"date":"2024-04-12T13:49:54","date_gmt":"2024-04-12T13:49:54","guid":{"rendered":"https:\/\/estacionchamamecera.com\/?p=629"},"modified":"2024-04-12T13:49:54","modified_gmt":"2024-04-12T13:49:54","slug":"la-comunidad-de-lucas-gonzalez-invita-a-la-fiesta-nacional-del-lino","status":"publish","type":"post","link":"https:\/\/estacionchamamecera.com\/index.php\/2024\/04\/12\/la-comunidad-de-lucas-gonzalez-invita-a-la-fiesta-nacional-del-lino\/","title":{"rendered":"La comunidad de Lucas Gonz\u00e1lez invita a la Fiesta Nacional del Lino"},"content":{"rendered":"<p><img decoding=\"async\" class=\"aligncenter size-medium wp-image-634\" src=\"http:\/\/estacionchamamecera.com\/wp-content\/uploads\/2024\/04\/fotoculturaer-12-300x198.jpg\" alt=\"\" width=\"300\" height=\"198\" srcset=\"https:\/\/estacionchamamecera.com\/wp-content\/uploads\/2024\/04\/fotoculturaer-12-300x198.jpg 300w, https:\/\/estacionchamamecera.com\/wp-content\/uploads\/2024\/04\/fotoculturaer-12-1024x678.jpg 1024w, https:\/\/estacionchamamecera.com\/wp-content\/uploads\/2024\/04\/fotoculturaer-12-768x508.jpg 768w, https:\/\/estacionchamamecera.com\/wp-content\/uploads\/2024\/04\/fotoculturaer-12-555x367.jpg 555w, https:\/\/estacionchamamecera.com\/wp-content\/uploads\/2024\/04\/fotoculturaer-12.jpg 1330w\" sizes=\"(max-width: 300px) 100vw, 300px\" \/><\/p>\r\n\r\n<p>La nueva edici\u00f3n de la fiesta se llevar\u00e1 a cabo en el Polideportivo Municipal de Lucas Gonz\u00e1lez el 19 y 20 de abril con una destacada cartelera de espect\u00e1culos y entradas populares. Los organizadores adelantaron detalles en una presentaci\u00f3n realizada este mi\u00e9rcoles. <br \/><br \/>Esta ma\u00f1ana, con el acompa\u00f1amiento de la vicegobernadora Alicia Aluani y el secretario de Cultura de la provincia, Fabi\u00e1n Reato, se present\u00f3 en la Sala Manuel Antequeda de Paran\u00e1 la Fiesta Nacional del Lino que engalana al departamento Nogoy\u00e1 y la regi\u00f3n.<br \/><br \/>En conferencia de prensa se anunci\u00f3 que esta nueva edici\u00f3n se dar\u00e1 en el marco de la 35\u00aa Fiesta Provincial y 27\u00aa Fiesta Nacional del Lino.<br \/><br \/>Estuvieron presentes el Intendente de Lucas Gonz\u00e1lez, Luis Alberto Fleischer, el coordinador de Cultura de la localidad, Gustavo Zair, y el senador por el departamento Nogoy\u00e1, Rafael Cavagna.<br \/><br \/>Tambi\u00e9n se proyect\u00f3 en pantalla un v\u00eddeo institucional con la historia de la fiesta. <br \/>Cartelera y precios:<br \/><br \/>La cartelera del viernes 19 incluir\u00e1 las actuaciones del Certamen \u00abEl Linero\u00bb, Los Talla, Miguel Figueroa y su conjunto Amanecer Campero, y La Sonora Coraz\u00f3n.<br \/><br \/>Con una apertura de un cuadro de Danzas dar\u00e1 comienzo al espect\u00e1culo del s\u00e1bado 20. Tambi\u00e9n subir\u00e1n al escenario el ganador del Certamen \u00abEl Linero\u00bb, Fejumas, Las Voces de Montiel (Francisco Cuestas, Rub\u00e9n Gimenez, Palo Santo Litoral, Pablo Markocich), La 4.40, El Chaj\u00e1, y Monchito Merlo y su conjunto.<br \/><br \/>El costo de las entradas ser\u00e1 de 1000 pesos para el viernes; y de 2000 pesos para el s\u00e1bado.<\/p>\r\n","protected":false},"excerpt":{"rendered":"<p>La nueva edici\u00f3n de la fiesta se llevar\u00e1 a cabo en el Polideportivo Municipal de Lucas Gonz\u00e1lez el 19 y 20 de abril con una destacada cartelera de espect\u00e1culos y entradas populares. Los organizadores adelantaron detalles en una presentaci\u00f3n realizada este mi\u00e9rcoles. Esta ma\u00f1ana, con el acompa\u00f1amiento de la vicegobernadora Alicia Aluani y el secretario &hellip; <\/p>\n<p><a class=\"more-link btn\" href=\"https:\/\/estacionchamamecera.com\/index.php\/2024\/04\/12\/la-comunidad-de-lucas-gonzalez-invita-a-la-fiesta-nacional-del-lino\/\">Seguir leyendo<\/a><\/p>\n","protected":false},"author":4,"featured_media":0,"comment_status":"open","ping_status":"open","sticky":false,"template":"","format":"standard","meta":{"footnotes":""},"categories":[3],"tags":[],"class_list":["post-629","post","type-post","status-publish","format-standard","hentry","category-provinciales","item-wrap"],"jetpack_featured_media_url":"","_links":{"self":[{"href":"https:\/\/estacionchamamecera.com\/index.php\/wp-json\/wp\/v2\/posts\/629","targetHints":{"allow":["GET"]}}],"collection":[{"href":"https:\/\/estacionchamamecera.com\/index.php\/wp-json\/wp\/v2\/posts"}],"about":[{"href":"https:\/\/estacionchamamecera.com\/index.php\/wp-json\/wp\/v2\/types\/post"}],"author":[{"embeddable":true,"href":"https:\/\/estacionchamamecera.com\/index.php\/wp-json\/wp\/v2\/users\/4"}],"replies":[{"embeddable":true,"href":"https:\/\/estacionchamamecera.com\/index.php\/wp-json\/wp\/v2\/comments?post=629"}],"version-history":[{"count":2,"href":"https:\/\/estacionchamamecera.com\/index.php\/wp-json\/wp\/v2\/posts\/629\/revisions"}],"predecessor-version":[{"id":635,"href":"https:\/\/estacionchamamecera.com\/index.php\/wp-json\/wp\/v2\/posts\/629\/revisions\/635"}],"wp:attachment":[{"href":"https:\/\/estacionchamamecera.com\/index.php\/wp-json\/wp\/v2\/media?parent=629"}],"wp:term":[{"taxonomy":"category","embeddable":true,"href":"https:\/\/estacionchamamecera.com\/index.php\/wp-json\/wp\/v2\/categories?post=629"},{"taxonomy":"post_tag","embeddable":true,"href":"https:\/\/estacionchamamecera.com\/index.php\/wp-json\/wp\/v2\/tags?post=629"}],"curies":[{"name":"wp","href":"https:\/\/api.w.org\/{rel}","templated":true}]}}