{"id":621,"date":"2024-04-12T13:40:24","date_gmt":"2024-04-12T13:40:24","guid":{"rendered":"https:\/\/estacionchamamecera.com\/?p=621"},"modified":"2024-04-12T13:40:24","modified_gmt":"2024-04-12T13:40:24","slug":"se-celebro-la-asamblea-federal-2024-del-instituto-nacional-de-la-musica","status":"publish","type":"post","link":"https:\/\/estacionchamamecera.com\/index.php\/2024\/04\/12\/se-celebro-la-asamblea-federal-2024-del-instituto-nacional-de-la-musica\/","title":{"rendered":"Se celebr\u00f3 la Asamblea federal 2024 del Instituto Nacional de la M\u00fasica"},"content":{"rendered":"<p><img decoding=\"async\" class=\"aligncenter size-medium wp-image-626\" src=\"http:\/\/estacionchamamecera.com\/wp-content\/uploads\/2024\/04\/fcdca97e891069c1fe5abe282c095270-300x198.jpg\" alt=\"\" width=\"300\" height=\"198\" srcset=\"https:\/\/estacionchamamecera.com\/wp-content\/uploads\/2024\/04\/fcdca97e891069c1fe5abe282c095270-300x198.jpg 300w, https:\/\/estacionchamamecera.com\/wp-content\/uploads\/2024\/04\/fcdca97e891069c1fe5abe282c095270-1024x678.jpg 1024w, https:\/\/estacionchamamecera.com\/wp-content\/uploads\/2024\/04\/fcdca97e891069c1fe5abe282c095270-768x508.jpg 768w, https:\/\/estacionchamamecera.com\/wp-content\/uploads\/2024\/04\/fcdca97e891069c1fe5abe282c095270-555x367.jpg 555w, https:\/\/estacionchamamecera.com\/wp-content\/uploads\/2024\/04\/fcdca97e891069c1fe5abe282c095270.jpg 1330w\" sizes=\"(max-width: 300px) 100vw, 300px\" \/><\/p>\r\n\r\n<p>El jueves 14 de marzo se llev\u00f3 a cabo la novena Asamblea Federal del Instituto Nacional de la M\u00fasica, evento que re\u00fane a representantes gubernamentales de la cultura de las 23 provincias del pa\u00eds y la Ciudad de Buenos Aires, para darle tratamiento de forma federal a la gesti\u00f3n realizada y a los pr\u00f3ximos proyectos a desarrollar durante este a\u00f1o.<br \/><br \/>Con asistencia completa de todas las jurisdicciones, los y las representantes recibieron el informe anual del Directorio del INAMU, integrado por Bernab\u00e9 \u00abBuco\u00bb Cantlon, presidente, y Charo Bogar\u00edn, vicepresidenta, junto al presupuesto y plan de acci\u00f3n 2024.<br \/><br \/>En la Asamblea se trataron las acciones m\u00e1s importantes que viene desarrollando el Instituto: las Convocatorias de Fomento, lo que ser\u00e1 la puesta en marcha de la Agregadora Musical Argentina &#8211; A.M.A., los portales de m\u00fasica independiente de cada una de las provincias, las capacitaciones de formaci\u00f3n y las publicaciones editadas, y el programa de televisi\u00f3n Un\u00edsono, entre otros.<br \/><br \/>Quienes representan a las provincias resaltaron el trabajo federal y transparente que realiza el INAMU, d\u00e1ndole continuidad a la labor iniciada hace casi 10 a\u00f1os.<br \/><br \/>Al finalizar el encuentro, el presidente del INAMU, Bernab\u00e9 \u00abBuco\u00bb Cantlon, destac\u00f3: \u00abHoy la aprobaci\u00f3n por unanimidad de la Asamblea Federal demuestra la uni\u00f3n de las 23 provincias y la Ciudad Aut\u00f3noma apoyando que exista un organismo de fomento a la cultura, aprobando no solo lo realizado por el INAMU en 2023, sino tambi\u00e9n el presupuesto y plan de acci\u00f3n 2024. Venimos realizando un trabajo federal que se lleva a cabo cotidianamente, articulando con ustedes, siempre en sinton\u00eda con lo que la provincia y la actividad musical de esa provincia considera m\u00e1s necesario en ese momento \u00ab.<br \/><br \/>Por su parte, Charo Bogar\u00edn, vicepresidenta del INAMU, se\u00f1al\u00f3 que \u00abhay mucho material musical de nuestros pueblos ind\u00edgenas, cantado en lenguas originarias, que requiere ser preservado y difundido. Tras cinco a\u00f1os de trabajo con representantes ind\u00edgenas, hemos creado la Fonoteca de Arte Sonoro Ind\u00edgena, que ser\u00e1 presentada el pr\u00f3ximo mes. Se incluyen obras in\u00e9ditas, editadas y recopilaciones de cada regi\u00f3n, facilitando el acceso a nuestro patrimonio musical\u00bb.<br \/><br \/>\u201cQueda demostrado que el INAMU es uno de los Institutos m\u00e1s s\u00f3lidos. Su fortaleza se asienta en su innovadora estructura como ente p\u00fablico no estatal y por la profundidad federal que tiene como organismo de gesti\u00f3n. Tambi\u00e9n demuestra la fortaleza que pueden tener las instituciones creadas desde abajo hacia arriba, es decir desde las organizaciones, desde las federaciones, desde las uniones. Hay que observar muy bien al INAMU y agradecer que haya sido posible como proyecto colectivo, institucional y federal. Realmente es algo que es digno de estudio y de r\u00e9plica\u201d remarc\u00f3 el Subsecretario de Cultura de Santiago del Estero, Juan Leguizam\u00f3n.<br \/><br \/>El Director General de Gesti\u00f3n Cultural de Entre R\u00edos, Juan Carlos Meillard coment\u00f3: \u201cme voy con mucha alegr\u00eda de ver el funcionamiento realmente transversal a todo el territorio que vienen llevando adelante, es un valor que tenemos que rescatar\u201d.<br \/><br \/>La Secretaria de Cultura de La Rioja, Patricia Herrera, celebr\u00f3 \u00abque tambi\u00e9n exista una posibilidad de escucha para que podamos presentar nuestros proyectos y que esa retroalimentaci\u00f3n sea funcional a nuestros lugares de procedencia\u201d, en relaci\u00f3n al espacio otorgado por el Instituto para este encuentro entre los representantes de todas las provincias.<br \/><br \/>Por su parte, el Secretario de Estado de Cultura de Misiones, Joselo Schuap, destac\u00f3 la creaci\u00f3n de la Agregadora de M\u00fasica Argentina &#8211; AMA: \u00abLos felicito por la creaci\u00f3n de AMA. Esto marca un antes y un despu\u00e9s en la historia de la producci\u00f3n y la distribuci\u00f3n musical en Argentina; es hist\u00f3rico, absolutamente\u00bb.<br \/><br \/>Representantes de la Cultura de todas las provincias del pa\u00eds<br \/>En la Asamblea Federal 2024 participaron como representantes gubernamentales de la cultura por cada provincia y distrito: Laura Maubecin por Catamarca, Ignacio Garc\u00eda por C\u00f3rdoba, Eduardo de Jesus S\u00edvori por Corrientes, Mario Zorrilla por Chaco, Osvaldo Labastie por Chubut, Juan Carlos Meillard por Entre R\u00edos, Graciela Marechal por Formosa, Jos\u00e9 Domingo Rodr\u00edguez Barcena por Jujuy, Pablo Lucero \u00c1lvarez por La Pampa, Patricia Herrera por La Rioja, Diego Gareca por Mendoza, Jos\u00e9 Mart\u00edn Schuap por Misiones, Oscar Sarhan por Neuqu\u00e9n, Mart\u00edn Fraile Milstein por R\u00edo Negro, Diego Ashur por Salta, Luciano del Valle Guti\u00e9rrez por San Juan, Gonzalo Mastronardi por San Luis, Ricardo Adriel Ramos Pitsch por Santa Cruz, Susana Rueda por Santa Fe, Juan Anselmo Leguizam\u00f3n por Santiago del Estero, Anal\u00eda In\u00e9s Cubino por Tierra del Fuego, Humberto Salazar por Tucum\u00e1n, Gustavo Mozzi por C.A.B.A., y Florencia Saintout por la Provincia de Buenos Aires.<\/p>\r\n","protected":false},"excerpt":{"rendered":"<p>El jueves 14 de marzo se llev\u00f3 a cabo la novena Asamblea Federal del Instituto Nacional de la M\u00fasica, evento que re\u00fane a representantes gubernamentales de la cultura de las 23 provincias del pa\u00eds y la Ciudad de Buenos Aires, para darle tratamiento de forma federal a la gesti\u00f3n realizada y a los pr\u00f3ximos proyectos &hellip; <\/p>\n<p><a class=\"more-link btn\" href=\"https:\/\/estacionchamamecera.com\/index.php\/2024\/04\/12\/se-celebro-la-asamblea-federal-2024-del-instituto-nacional-de-la-musica\/\">Seguir leyendo<\/a><\/p>\n","protected":false},"author":4,"featured_media":0,"comment_status":"open","ping_status":"open","sticky":false,"template":"","format":"standard","meta":{"footnotes":""},"categories":[4],"tags":[],"class_list":["post-621","post","type-post","status-publish","format-standard","hentry","category-cultura","item-wrap"],"jetpack_featured_media_url":"","_links":{"self":[{"href":"https:\/\/estacionchamamecera.com\/index.php\/wp-json\/wp\/v2\/posts\/621","targetHints":{"allow":["GET"]}}],"collection":[{"href":"https:\/\/estacionchamamecera.com\/index.php\/wp-json\/wp\/v2\/posts"}],"about":[{"href":"https:\/\/estacionchamamecera.com\/index.php\/wp-json\/wp\/v2\/types\/post"}],"author":[{"embeddable":true,"href":"https:\/\/estacionchamamecera.com\/index.php\/wp-json\/wp\/v2\/users\/4"}],"replies":[{"embeddable":true,"href":"https:\/\/estacionchamamecera.com\/index.php\/wp-json\/wp\/v2\/comments?post=621"}],"version-history":[{"count":2,"href":"https:\/\/estacionchamamecera.com\/index.php\/wp-json\/wp\/v2\/posts\/621\/revisions"}],"predecessor-version":[{"id":627,"href":"https:\/\/estacionchamamecera.com\/index.php\/wp-json\/wp\/v2\/posts\/621\/revisions\/627"}],"wp:attachment":[{"href":"https:\/\/estacionchamamecera.com\/index.php\/wp-json\/wp\/v2\/media?parent=621"}],"wp:term":[{"taxonomy":"category","embeddable":true,"href":"https:\/\/estacionchamamecera.com\/index.php\/wp-json\/wp\/v2\/categories?post=621"},{"taxonomy":"post_tag","embeddable":true,"href":"https:\/\/estacionchamamecera.com\/index.php\/wp-json\/wp\/v2\/tags?post=621"}],"curies":[{"name":"wp","href":"https:\/\/api.w.org\/{rel}","templated":true}]}}