{"id":617,"date":"2024-04-09T14:47:58","date_gmt":"2024-04-09T14:47:58","guid":{"rendered":"https:\/\/estacionchamamecera.com\/?p=617"},"modified":"2024-04-09T14:47:58","modified_gmt":"2024-04-09T14:47:58","slug":"grilla-de-talleres-para-el-i-festival-de-teatro-independiente-en-concepcion-del-uruguay","status":"publish","type":"post","link":"https:\/\/estacionchamamecera.com\/index.php\/2024\/04\/09\/grilla-de-talleres-para-el-i-festival-de-teatro-independiente-en-concepcion-del-uruguay\/","title":{"rendered":"Grilla de talleres para el \u201cI Festival de Teatro Independiente\u00bb en Concepci\u00f3n del Uruguay"},"content":{"rendered":"<p><img decoding=\"async\" class=\"aligncenter size-medium wp-image-622\" src=\"http:\/\/estacionchamamecera.com\/wp-content\/uploads\/2024\/04\/teatro_6-300x198.jpg\" alt=\"\" width=\"300\" height=\"198\" srcset=\"https:\/\/estacionchamamecera.com\/wp-content\/uploads\/2024\/04\/teatro_6-300x198.jpg 300w, https:\/\/estacionchamamecera.com\/wp-content\/uploads\/2024\/04\/teatro_6-1024x678.jpg 1024w, https:\/\/estacionchamamecera.com\/wp-content\/uploads\/2024\/04\/teatro_6-768x508.jpg 768w, https:\/\/estacionchamamecera.com\/wp-content\/uploads\/2024\/04\/teatro_6-555x367.jpg 555w, https:\/\/estacionchamamecera.com\/wp-content\/uploads\/2024\/04\/teatro_6.jpg 1330w\" sizes=\"(max-width: 300px) 100vw, 300px\" \/><\/p>\r\n\r\n<p>Entre el 13 y 17 de abril se desarrollar\u00e1 en concepci\u00f3n del uruguay el I \u00abFestival de Teatro Independiente Teatristas Cdelu \u00bb que llevar\u00e1 el nombre del multifac\u00e9tico \u00abCarlos Vecchio\u00bb. En el marco del mismo, habr\u00e1 propuestas de talleres en diversos espacios culturales de la ciudad.<br \/><br \/>Los talleres y las capacitaciones son con inscripci\u00f3n previa y con un aporte voluntario-no excluyente. La Comisi\u00f3n Organizadora del Festival inform\u00f3 la grilla, modalidades, destinatarios, y datos relevantes de los talleres y capacitaciones que se dictar\u00e1n.<br \/><br \/>Las inscripciones son al siguiente link<br \/><br \/>Acercamiento al universo teatral de Ant\u00f3n Chejov.<br \/><br \/>Capacitadores: Carina Resnisky y Jorge Leyes.<br \/><br \/>Destinado a teatristas adolescentes (a partir de los 15 a\u00f1os) y adultos.<br \/><br \/>Tem\u00e1tica: el seminario de capacitaci\u00f3n propone una introducci\u00f3n al universo de Ant\u00f3n Ch\u00e9jov, a trav\u00e9s de la obra teatral \u201cLa Gaviota\u201d. El abordaje ser\u00e1 a trav\u00e9s del trabajo te\u00f3rico de mesa, que implica la lectura y an\u00e1lisis del texto, sumado a la pr\u00e1ctica esc\u00e9nica, a partir de las acciones f\u00edsicas de Constantin Stanilavski.<br \/><br \/>\u00bfC\u00f3mo potencian y complementan estas herramientas el trabajo creador del actor\/actriz y dramaturgo\/a en el siglo XXI?<br \/><br \/>S\u00e1bado 13 y domingo 14 de abril de 10 a 13 en el Centro Cultural y ambiental \u201cFauna\u201d \u2013 Ant\u00e1rtida Argentina 278.<br \/><br \/>Seminario de estatuismo<br \/><br \/>Capacitadores: Mariela Salas y Abril Salvarredy Durand\u00f3.<br \/><br \/>Destinado a p\u00fablico en General, adultos<br \/><br \/>Tem\u00e1tica: En un mundo que se mueve es necesario detenernos un instante y ver donde estamos. El seminario tiene como objetivo dar a conocer algunos aspectos de la t\u00e9cnica del estatuismo viviente. Creaci\u00f3n del personaje, dramaturgia, vestuario y<br \/><br \/>caracterizaci\u00f3n. Tambi\u00e9n pretende despejar dudas sobre la t\u00e9cnica y experimentar dicho arte desde el protagonismo.<br \/><br \/>S\u00e1bado 13 y domingo 14 de abril de 14 a 17. Espacio teatral \u201cLas Yotivenco\u201d &#8211; Maip\u00fa 88.<br \/>El trabajo del actor\/actr\u00edz: presencia esc\u00e9nica y acci\u00f3n<br \/><br \/>Capacitador: Joaqu\u00edn Tomassi.<br \/><br \/>Destinado a teatristas adultos.<br \/><br \/>Tem\u00e1tica: El taller propone un entrenamiento con foco en la presencia esc\u00e9nica a trav\u00e9s del desarrollo de la percepci\u00f3n como momento inicial y continuo de la acci\u00f3n y la expresi\u00f3n como respuesta. El texto (la palabra) como parte de la situaci\u00f3n dram\u00e1tica. La acci\u00f3n y su especificidad: ser espec\u00edfico con lo que hago. La relaci\u00f3n con el espacio, los objetos y los dem\u00e1s elementos de la puesta en escena y la relaci\u00f3n con el espectador o c\u00e1mara.<br \/><br \/>Lunes 15, martes 16 y mi\u00e9rcoles 17 de abril de 19 a 22 en \u201cCambar\u00e1\u201d Espacio Creativo, Larroque 129.<br \/><br \/>Jugadas de pizarr\u00f3n<br \/><br \/>Capacitador: Carlos Zelayeta<br \/><br \/>Destinado a docentes<br \/><br \/>Tem\u00e1tica: La propuesta de capacitaci\u00f3n intenta contribuir a descifrar, comprender y utilizar una forma de expresi\u00f3n, de comunicaci\u00f3n, de manifestaci\u00f3n est\u00e9tica, que nos permita transitar un camino posible hacia la elaboraci\u00f3n del conocimiento. Tiene como objetivo, descubrir y utilizar las herramientas que nos proporciona el tetro, para contribuir a la elaboraci\u00f3n<br \/><br \/>del conocimiento, de manera atractiva y eficiente.<br \/><br \/>Martes 16 de abril de 19 a 21. Agmer Almafuerte 729<br \/><br \/>Teatro y nuevos lenguajes<br \/><br \/>Capacitadora: Estela Fern\u00e1ndez<br \/><br \/>Destinado a p\u00fablico en general<br \/><br \/>Tem\u00e1tica: M\u00fasica urbana. Mundo Gaming. Mundo de Redes sociales. Lenguaje del colectivo LGBTIQ+ a trav\u00e9s de la improvisaci\u00f3n y cambio de roles.<br \/><br \/>Mi\u00e9rcoles 17 de abril de 20 a 21.30. Espacio teatral \u201cLas Yotivenco\u201d Maip\u00fa 88.<br \/><br \/><br \/><br \/>Consultas:<br \/><br \/>0343 15-4523444 (Olivia Reihardt) \/ 03442 15-457772 (Nancy Quinodoz).<br \/><br \/><br \/><br \/>Fuente: El Mi\u00e9rcoles<\/p>\r\n","protected":false},"excerpt":{"rendered":"<p>Entre el 13 y 17 de abril se desarrollar\u00e1 en concepci\u00f3n del uruguay el I \u00abFestival de Teatro Independiente Teatristas Cdelu \u00bb que llevar\u00e1 el nombre del multifac\u00e9tico \u00abCarlos Vecchio\u00bb. En el marco del mismo, habr\u00e1 propuestas de talleres en diversos espacios culturales de la ciudad. Los talleres y las capacitaciones son con inscripci\u00f3n previa &hellip; <\/p>\n<p><a class=\"more-link btn\" href=\"https:\/\/estacionchamamecera.com\/index.php\/2024\/04\/09\/grilla-de-talleres-para-el-i-festival-de-teatro-independiente-en-concepcion-del-uruguay\/\">Seguir leyendo<\/a><\/p>\n","protected":false},"author":4,"featured_media":0,"comment_status":"open","ping_status":"open","sticky":false,"template":"","format":"standard","meta":{"footnotes":""},"categories":[3],"tags":[],"class_list":["post-617","post","type-post","status-publish","format-standard","hentry","category-provinciales","item-wrap"],"jetpack_featured_media_url":"","_links":{"self":[{"href":"https:\/\/estacionchamamecera.com\/index.php\/wp-json\/wp\/v2\/posts\/617","targetHints":{"allow":["GET"]}}],"collection":[{"href":"https:\/\/estacionchamamecera.com\/index.php\/wp-json\/wp\/v2\/posts"}],"about":[{"href":"https:\/\/estacionchamamecera.com\/index.php\/wp-json\/wp\/v2\/types\/post"}],"author":[{"embeddable":true,"href":"https:\/\/estacionchamamecera.com\/index.php\/wp-json\/wp\/v2\/users\/4"}],"replies":[{"embeddable":true,"href":"https:\/\/estacionchamamecera.com\/index.php\/wp-json\/wp\/v2\/comments?post=617"}],"version-history":[{"count":2,"href":"https:\/\/estacionchamamecera.com\/index.php\/wp-json\/wp\/v2\/posts\/617\/revisions"}],"predecessor-version":[{"id":623,"href":"https:\/\/estacionchamamecera.com\/index.php\/wp-json\/wp\/v2\/posts\/617\/revisions\/623"}],"wp:attachment":[{"href":"https:\/\/estacionchamamecera.com\/index.php\/wp-json\/wp\/v2\/media?parent=617"}],"wp:term":[{"taxonomy":"category","embeddable":true,"href":"https:\/\/estacionchamamecera.com\/index.php\/wp-json\/wp\/v2\/categories?post=617"},{"taxonomy":"post_tag","embeddable":true,"href":"https:\/\/estacionchamamecera.com\/index.php\/wp-json\/wp\/v2\/tags?post=617"}],"curies":[{"name":"wp","href":"https:\/\/api.w.org\/{rel}","templated":true}]}}