{"id":599,"date":"2024-04-09T14:28:15","date_gmt":"2024-04-09T14:28:15","guid":{"rendered":"https:\/\/estacionchamamecera.com\/?p=599"},"modified":"2024-04-09T14:28:15","modified_gmt":"2024-04-09T14:28:15","slug":"gualeguaychu-anuncian-el-i-encuentro-chamamecero-del-sur-entrerriano","status":"publish","type":"post","link":"https:\/\/estacionchamamecera.com\/index.php\/2024\/04\/09\/gualeguaychu-anuncian-el-i-encuentro-chamamecero-del-sur-entrerriano\/","title":{"rendered":"Gualeguaych\u00fa: anuncian el I Encuentro Chamamecero del Sur Entrerriano"},"content":{"rendered":"<p><img decoding=\"async\" class=\"aligncenter size-medium wp-image-605\" src=\"http:\/\/estacionchamamecera.com\/wp-content\/uploads\/2024\/04\/whatsapp-image-2022-09-19-at-08.07.11-300x198.jpeg\" alt=\"\" width=\"300\" height=\"198\" srcset=\"https:\/\/estacionchamamecera.com\/wp-content\/uploads\/2024\/04\/whatsapp-image-2022-09-19-at-08.07.11-300x198.jpeg 300w, https:\/\/estacionchamamecera.com\/wp-content\/uploads\/2024\/04\/whatsapp-image-2022-09-19-at-08.07.11-1024x678.jpeg 1024w, https:\/\/estacionchamamecera.com\/wp-content\/uploads\/2024\/04\/whatsapp-image-2022-09-19-at-08.07.11-768x508.jpeg 768w, https:\/\/estacionchamamecera.com\/wp-content\/uploads\/2024\/04\/whatsapp-image-2022-09-19-at-08.07.11-555x367.jpeg 555w, https:\/\/estacionchamamecera.com\/wp-content\/uploads\/2024\/04\/whatsapp-image-2022-09-19-at-08.07.11.jpeg 1330w\" sizes=\"(max-width: 300px) 100vw, 300px\" \/><\/p>\r\n\r\n<p>El s\u00e1bado 20 de abril, la ciudad de Gualeguaych\u00fa celebrar\u00e1 el I Encuentro Chamamecero del Sur Entrerriano\u201d. La actividad tendr\u00e1 ligar a partir de las 21.30 en el Teatro del Puerto (Concordia 217).<br \/><br \/>Con el auspicio de la Subsecretar\u00eda de Cultura, Deportes y Juventud se llevar\u00e1 a cabo este encuentro con grandes exponentes de la m\u00fasica del litoral.<br \/><br \/>Asimismo, \u201cse realizar\u00e1n talleres y conferencias de expertos en la materia que sumergir\u00e1n a los presentes en este mundo litorale\u00f1o de tanta riqueza para nuestra cultura guaran\u00edtica\u201d, destacan desde la organizaci\u00f3n.<br \/><br \/>Las entradas anticipadas se consiguen al 3446-415878. En puerta $8000 (cupos limitados)<\/p>\r\n","protected":false},"excerpt":{"rendered":"<p>El s\u00e1bado 20 de abril, la ciudad de Gualeguaych\u00fa celebrar\u00e1 el I Encuentro Chamamecero del Sur Entrerriano\u201d. La actividad tendr\u00e1 ligar a partir de las 21.30 en el Teatro del Puerto (Concordia 217). Con el auspicio de la Subsecretar\u00eda de Cultura, Deportes y Juventud se llevar\u00e1 a cabo este encuentro con grandes exponentes de la &hellip; <\/p>\n<p><a class=\"more-link btn\" href=\"https:\/\/estacionchamamecera.com\/index.php\/2024\/04\/09\/gualeguaychu-anuncian-el-i-encuentro-chamamecero-del-sur-entrerriano\/\">Seguir leyendo<\/a><\/p>\n","protected":false},"author":4,"featured_media":0,"comment_status":"open","ping_status":"open","sticky":false,"template":"","format":"standard","meta":{"footnotes":""},"categories":[3],"tags":[],"class_list":["post-599","post","type-post","status-publish","format-standard","hentry","category-provinciales","item-wrap"],"jetpack_featured_media_url":"","_links":{"self":[{"href":"https:\/\/estacionchamamecera.com\/index.php\/wp-json\/wp\/v2\/posts\/599","targetHints":{"allow":["GET"]}}],"collection":[{"href":"https:\/\/estacionchamamecera.com\/index.php\/wp-json\/wp\/v2\/posts"}],"about":[{"href":"https:\/\/estacionchamamecera.com\/index.php\/wp-json\/wp\/v2\/types\/post"}],"author":[{"embeddable":true,"href":"https:\/\/estacionchamamecera.com\/index.php\/wp-json\/wp\/v2\/users\/4"}],"replies":[{"embeddable":true,"href":"https:\/\/estacionchamamecera.com\/index.php\/wp-json\/wp\/v2\/comments?post=599"}],"version-history":[{"count":2,"href":"https:\/\/estacionchamamecera.com\/index.php\/wp-json\/wp\/v2\/posts\/599\/revisions"}],"predecessor-version":[{"id":606,"href":"https:\/\/estacionchamamecera.com\/index.php\/wp-json\/wp\/v2\/posts\/599\/revisions\/606"}],"wp:attachment":[{"href":"https:\/\/estacionchamamecera.com\/index.php\/wp-json\/wp\/v2\/media?parent=599"}],"wp:term":[{"taxonomy":"category","embeddable":true,"href":"https:\/\/estacionchamamecera.com\/index.php\/wp-json\/wp\/v2\/categories?post=599"},{"taxonomy":"post_tag","embeddable":true,"href":"https:\/\/estacionchamamecera.com\/index.php\/wp-json\/wp\/v2\/tags?post=599"}],"curies":[{"name":"wp","href":"https:\/\/api.w.org\/{rel}","templated":true}]}}