{"id":40,"date":"2023-06-27T14:50:58","date_gmt":"2023-06-27T14:50:58","guid":{"rendered":"https:\/\/estacionchamamecera.com\/?p=40"},"modified":"2023-06-27T14:50:58","modified_gmt":"2023-06-27T14:50:58","slug":"inauguraron-en-villaguay-una-muestra-reconstructiva-sobre-la-imagen-de-urquiza","status":"publish","type":"post","link":"https:\/\/estacionchamamecera.com\/index.php\/2023\/06\/27\/inauguraron-en-villaguay-una-muestra-reconstructiva-sobre-la-imagen-de-urquiza\/","title":{"rendered":"Inauguraron en Villaguay una muestra reconstructiva sobre la imagen de Urquiza"},"content":{"rendered":"<p><img decoding=\"async\" class=\"aligncenter size-medium wp-image-58\" src=\"http:\/\/estacionchamamecera.com\/wp-content\/uploads\/2023\/06\/o_1687873567-300x169.jpg\" alt=\"\" width=\"300\" height=\"169\" \/><\/p>\r\n\r\n<p>\u201cLa muestra es una herramienta m\u00e1s did\u00e1ctica para acercar a los chicos a la historia y la vida de Urquiza\u201d, comunic\u00f3 a Elonce la titular de Fundaci\u00f3n IAPSER, Mariel \u00c1vila. La exposici\u00f3n se exhibir\u00e1 durante dos semanas en Villaguay.La muestra \u201cUrquiza, la reconstrucci\u00f3n de su rostro\u201d, realizada por el artista Ramiro Ghigliazza e impulsada por la Fundaci\u00f3n Iapser, se exhibe desde este martes en el Centro de Convenciones de Villaguay.<br \/><br \/>La exposici\u00f3n consta de seis cuadros, donde podemos ir descubriendo, con mucho realismo y a trav\u00e9s de m\u00faltiples detalles, a Don Justo Jos\u00e9 de Urquiza, en sus distintas etapas: desde un joven de 11 a\u00f1os de edad, dependiente de sus padres, para luego ver transitar su juventud, su vida comercial y empresarial, y su madurez como hombre militar y pol\u00edtico, gobernador de la provincia, vencedor de Caseros, y Presidente de la Confederaci\u00f3n.El trabajo de Ghigliazza, entorno a la figura del pr\u00f3cer entrerriano, hijo ilustre de nuestra ciudad, comenz\u00f3 en julio de 2022, cuando visitara el Palacio San Jos\u00e9, para poder acceder a documentos de archivo, retratos al \u00f3leo, daguerrotipos y fotograf\u00edas antiguas, adem\u00e1s de trajes militares que se encuentran en el acervo de Colecciones. Tambi\u00e9n tuvo conversaciones con Roberto Romani, asesor cultural de Entre R\u00edos, y Gast\u00f3n Buet, profesor y Presidente de la Asociaci\u00f3n de Amigos del Campamento Cal\u00e1. Luego, mediante el uso de aplicaciones digitales y tecnolog\u00edas del dise\u00f1o, trabaj\u00f3 en la \u201creconstrucci\u00f3n\u201d definitiva y m\u00e1s fiel posible de la tez, mirada, gestualidad, y figura del Primer Presidente Constitucional de los argentinos.<br \/><br \/>\u201cLa muestra es una herramienta m\u00e1s did\u00e1ctica para acercar a los chicos a la historia y la vida de Urquiza, porque a trav\u00e9s de los rostros de su franja etaria de puede contar y ser un disparador importante para el aula\u201d, comunic\u00f3 a Elonce la titular de Fundaci\u00f3n IAPSER, Mariel \u00c1vila.De acuerdo a lo que indic\u00f3 \u00c1vila, la muestra se exhibir\u00e1 durante dos semanas en el Centro de Convenciones de Villaguay y luego ser\u00e1 trasladada al Palacio San Jos\u00e9, para las vacaciones de invierno, \u201ccomo un atractivo tur\u00edstico para ofrecer a todos los visitantes\u201d.<\/p>\r\n","protected":false},"excerpt":{"rendered":"<p>\u201cLa muestra es una herramienta m\u00e1s did\u00e1ctica para acercar a los chicos a la historia y la vida de Urquiza\u201d, comunic\u00f3 a Elonce la titular de Fundaci\u00f3n IAPSER, Mariel \u00c1vila. La exposici\u00f3n se exhibir\u00e1 durante dos semanas en Villaguay.La muestra \u201cUrquiza, la reconstrucci\u00f3n de su rostro\u201d, realizada por el artista Ramiro Ghigliazza e impulsada por &hellip; <\/p>\n<p><a class=\"more-link btn\" href=\"https:\/\/estacionchamamecera.com\/index.php\/2023\/06\/27\/inauguraron-en-villaguay-una-muestra-reconstructiva-sobre-la-imagen-de-urquiza\/\">Seguir leyendo<\/a><\/p>\n","protected":false},"author":4,"featured_media":0,"comment_status":"open","ping_status":"open","sticky":false,"template":"","format":"standard","meta":{"footnotes":""},"categories":[3],"tags":[],"class_list":["post-40","post","type-post","status-publish","format-standard","hentry","category-provinciales","item-wrap"],"jetpack_featured_media_url":"","_links":{"self":[{"href":"https:\/\/estacionchamamecera.com\/index.php\/wp-json\/wp\/v2\/posts\/40","targetHints":{"allow":["GET"]}}],"collection":[{"href":"https:\/\/estacionchamamecera.com\/index.php\/wp-json\/wp\/v2\/posts"}],"about":[{"href":"https:\/\/estacionchamamecera.com\/index.php\/wp-json\/wp\/v2\/types\/post"}],"author":[{"embeddable":true,"href":"https:\/\/estacionchamamecera.com\/index.php\/wp-json\/wp\/v2\/users\/4"}],"replies":[{"embeddable":true,"href":"https:\/\/estacionchamamecera.com\/index.php\/wp-json\/wp\/v2\/comments?post=40"}],"version-history":[{"count":2,"href":"https:\/\/estacionchamamecera.com\/index.php\/wp-json\/wp\/v2\/posts\/40\/revisions"}],"predecessor-version":[{"id":59,"href":"https:\/\/estacionchamamecera.com\/index.php\/wp-json\/wp\/v2\/posts\/40\/revisions\/59"}],"wp:attachment":[{"href":"https:\/\/estacionchamamecera.com\/index.php\/wp-json\/wp\/v2\/media?parent=40"}],"wp:term":[{"taxonomy":"category","embeddable":true,"href":"https:\/\/estacionchamamecera.com\/index.php\/wp-json\/wp\/v2\/categories?post=40"},{"taxonomy":"post_tag","embeddable":true,"href":"https:\/\/estacionchamamecera.com\/index.php\/wp-json\/wp\/v2\/tags?post=40"}],"curies":[{"name":"wp","href":"https:\/\/api.w.org\/{rel}","templated":true}]}}