{"id":339,"date":"2023-12-17T21:03:17","date_gmt":"2023-12-17T21:03:17","guid":{"rendered":"https:\/\/estacionchamamecera.com\/?p=339"},"modified":"2023-12-17T21:03:17","modified_gmt":"2023-12-17T21:03:17","slug":"comenzo-la-venta-anticipada-de-entradas-para-el-carnaval-de-concordia","status":"publish","type":"post","link":"https:\/\/estacionchamamecera.com\/index.php\/2023\/12\/17\/comenzo-la-venta-anticipada-de-entradas-para-el-carnaval-de-concordia\/","title":{"rendered":"Comenz\u00f3 la venta anticipada de entradas para el Carnaval de Concordia"},"content":{"rendered":"<p><img decoding=\"async\" class=\"aligncenter size-medium wp-image-345\" src=\"http:\/\/estacionchamamecera.com\/wp-content\/uploads\/2023\/12\/47vo6hdidbb6jglixm3lqtqpsi-300x198.jpeg\" alt=\"\" width=\"300\" height=\"198\" srcset=\"https:\/\/estacionchamamecera.com\/wp-content\/uploads\/2023\/12\/47vo6hdidbb6jglixm3lqtqpsi-300x198.jpeg 300w, https:\/\/estacionchamamecera.com\/wp-content\/uploads\/2023\/12\/47vo6hdidbb6jglixm3lqtqpsi-1024x678.jpeg 1024w, https:\/\/estacionchamamecera.com\/wp-content\/uploads\/2023\/12\/47vo6hdidbb6jglixm3lqtqpsi-768x508.jpeg 768w, https:\/\/estacionchamamecera.com\/wp-content\/uploads\/2023\/12\/47vo6hdidbb6jglixm3lqtqpsi-555x367.jpeg 555w, https:\/\/estacionchamamecera.com\/wp-content\/uploads\/2023\/12\/47vo6hdidbb6jglixm3lqtqpsi.jpeg 1330w\" sizes=\"(max-width: 300px) 100vw, 300px\" \/><\/p>\r\n\r\n<p>El Carnaval de Concordia se prepara para su edici\u00f3n 2024 con la apertura de la venta anticipada de entradas. Desde el jueves, se podr\u00e1n adquirir los boletos a trav\u00e9s de la web oficial del evento. Asimismo, la compra presencial estar\u00e1 habilitada en la sede de Caja Mixta, ubicada en Quintana 68.<br \/><br \/>Los desfiles dar\u00e1n inicio el 20 de enero del pr\u00f3ximo a\u00f1o y contar\u00e1 con un total de seis noches. La administraci\u00f3n del intendente Francisco Azcu\u00e9 y del Ente de Carnaval busca promover la fiesta con precios competitivos y diversas categor\u00edas para que tanto los concordienses como los turistas disfruten plenamente de una de las celebraciones populares m\u00e1s destacadas a nivel nacional, seg\u00fan se\u00f1al\u00f3 el director ejecutivo del Ente, Luis S\u00e1nchez.<br \/><br \/>Con el objetivo de abordar reclamos anteriores relacionados con la reventa de entradas, se implementaron medidas de control m\u00e1s estrictas. En cuanto a la venta de mesas, se estableci\u00f3 que cada persona tendr\u00e1 acceso a una por noche y deber\u00e1 presentar su Documento Nacional de Identidad al ingresar al predio para verificar la adquisici\u00f3n del lugar.<br \/>Valores de las Entradas<br \/><br \/>Para el desfile inaugural del 20 de enero de 2024, la entrada anticipada tendr\u00e1 un valor de 2700 pesos, mientras que en puerta costar\u00e1 3700 pesos. Estos precios se mantendr\u00e1n para la segunda noche del 27 de enero. Las entradas para menores de hasta 12 a\u00f1os costar\u00e1n 1000 pesos, y los jubilados abonar\u00e1n 3500 pesos (entrada y silla) en el sector especial asignado para ellos.<br \/><br \/>Venta Online<br \/><br \/>A trav\u00e9s del sistema de venta online, los asistentes podr\u00e1n adquirir ubicaciones, sillas y mesas en el sector VIP para las primeras dos noches de desfile desde cualquier ciudad del pa\u00eds. Este servicio permitir\u00e1 realizar pagos con tarjeta de d\u00e9bito o cr\u00e9dito, incluso en cuotas a trav\u00e9s de la plataforma digital.<br \/><br \/>Para obtener m\u00e1s informaci\u00f3n, se podr\u00e1 consultar las redes sociales del evento @concordiaescarnaval o visitar las oficinas del Ente de Carnaval en San Lorenzo y Gobernador Cresto, de lunes a viernes de 8 a 12.<br \/><br \/>Fuente: Diario Junio<br \/>NUESTRO NEWSLETTER<br \/><br \/>Facebook Compartir en Facebook<br \/>Twitter Compartir en Twitter<br \/>Twitter Compartir en WhatsApp<br \/>\u00daltimas noticias<br \/>Tormentas en Entre R\u00edos: renuevan el alerta hasta este lunes<br \/>Milei viaj\u00f3 a Bah\u00eda Blanca junto a ministros tras el temporal que dej\u00f3 13 muertos<br \/>Producto de la tormenta, reportaron voladuras de techos en Concepci\u00f3n del Uruguay<br \/>Los mercados ven con entusiasmo el paquete de medidas, pero el plan fiscal despierta dudas<br \/>CTM de Salto: amigos son los amigos, siga la flecha<br \/>Un joven fue atacado a tiros por la espalda en el barrio Paran\u00e1 XVI y permanece internado<br \/>El gobierno de Milei espera recaudar m\u00e1s de USD 15 millones por los aviones de YPF<br \/>Gobierno y Mesa de Enlace se re\u00fanen otra vez por retenciones<br \/>Temporal en Bah\u00eda Blanca: 13 muertos y heridos graves al colapsar el techo de un club<br \/><br \/>Deportes<br \/>Ver m\u00e1s<br \/>Cinco clubes eligen a sus nuevas autoridades a nivel nacional<br \/>Di Palma se qued\u00f3 con la final y el t\u00edtulo en Concepci\u00f3n del Uruguay<br \/>Bohdanowicz se consagr\u00f3 campe\u00f3n en el Top Race Series<br \/>Rocamora no tuvo chances y cay\u00f3 ante Pilar como local<br \/>Jonathan Ruiz le gan\u00f3 a Arregui por knock-out en Santa Fe<br \/>La Uni\u00f3n cay\u00f3 ante Racing en Col\u00f3n<br \/>Rosario Central venci\u00f3 a Platense y se qued\u00f3 con la Copa de la Liga<br \/>Torneo Regional: Belgrano sac\u00f3 ventaja en la ida de los octavos de final<br \/>Top Race: Ciarrocchi se qued\u00f3 el sprint y sue\u00f1a con el campeonato<br \/>Opini\u00f3n<br \/>Ver m\u00e1s<br \/>Por Ernesto Tenembaum (*)<br \/>El \u00e1rido desierto al que nos lleva Javier Milei<br \/>Por Daniel Tirso Fiorotto (*)<br \/>Otra mirada del globo terr\u00e1queo desde las lomadas de Victoria<br \/>Por Marciano Mart\u00ednez (*)<br \/>La suerte en el proceso penal<br \/>Por Gabriel Morini (*)<br \/>Una peligrosa se\u00f1al contra la libertad de expresi\u00f3n<br \/>Por Gabriel Michi (*)<br \/>C\u00f3mo el cambio clim\u00e1tico se ensa\u00f1a con la infancia<br \/>Por Dar\u00edo Dayub (*)<br \/>Nuevos aires para Entre R\u00edos<br \/><br \/>Judiciales<br \/>Leer m\u00e1s<br \/>Por graves delitos, Polic\u00eda Federal allan\u00f3 Soluciones Ambientales<br \/>La CAF aprob\u00f3 un cr\u00e9dito puente con el que Argentina le pagar\u00e1 al FMI la semana pr\u00f3xima<br \/>Destituyen a un comisario involucrado en vejaciones<br \/><br \/>Policiales<br \/>Ver m\u00e1s<br \/>Detuvieron a un uruguayo con 21 gramos de coca\u00edna en Federaci\u00f3n<br \/>Un auto volc\u00f3 en transitada avenida de Paran\u00e1: hubo da\u00f1os materiales<br \/>Robaron en una casa y vecinos golpearon a un menor<br \/><br \/>Econom\u00eda<br \/>Leer m\u00e1s<br \/>El Gobierno analiza una nueva canasta econ\u00f3mica de 20 productos<br \/>Habr\u00e1 cinco cortes de carne vacuna con rebajas para las fiestas<br \/>El Central compr\u00f3 m\u00e1s USD 700 millones en el mercado en la semana de la devaluaci\u00f3n<br \/><br \/>Cultura<br \/>Ver m\u00e1s<br \/>Cierre de a\u00f1o con \u201cFestival de M\u00fasicos Populares\u201d en la ciudad de Villa Elisa<br \/>Paola Dom\u00e9 expone en el Ciclo de Artistas de Urdinarrain<br \/>Avanza el trabajo de rescate patrimonial en la biblioteca del Hospital Fidanza<br \/>Incorrecci\u00f3n como camino hacia lo espectacular<br \/>Comenz\u00f3 la venta anticipada de entradas para el Carnaval de Concordia<br \/>Se presentar\u00e1 el libro \u201cUn d\u00eda de perros\u201d de Mel\u00e9 Graglia<br \/>Nacionales<br \/>Ver m\u00e1s<br \/>Gremios ferroviarios sobre privatizaci\u00f3n de trenes: \u201cNo volveremos a los &#8217;90\u201d<br \/>Aceptaron la renuncia de Michel en Aduana y ya hay nuevas autoridades<br \/>Renunci\u00f3 Eduardo Roust, el subsecretario de Medios de Javier Milei<br \/>Santa Fe: qui\u00e9nes son los narcos y sicarios trasladados a pabellones de m\u00e1xima seguridad<br \/>Ferraro confirm\u00f3 que el gobierno apunta a privatizar las empresas de trenes<br \/>Mart\u00edn Menem anunci\u00f3 la eliminaci\u00f3n de la pauta publicitaria de la C\u00e1mara de Diputados<br \/><br \/>Provinciales<br \/>Ver m\u00e1s<br \/>Casaretto: \u201cBordet dej\u00f3 la vara alta en actualizaciones salariales\u201d<br \/>Rogelio Frigerio se reuni\u00f3 con el ex Presidente Macri<br \/>Zandon\u00e1: \u201cLa citricultura no puede soportar un 15% de retenciones\u201d<br \/><br \/>Locales<br \/>Ver m\u00e1s<br \/>Bloqueo sanitario en una zona de Gualeguaych\u00fa por posible caso de encefalomielitis equina<br \/>Rosario Romero reiter\u00f3 ante su Gabinete que quiere un gobierno \u201cactivo y austero\u201d<br \/>Socav\u00f3n en Avenida Almafuerte: aseguraron la zona por seguridad<br \/><br \/>Inter\u00e9s general<br \/>Ver m\u00e1s<br \/>Rige alerta amarilla y naranja por tormentas para todo el territorio entrerriano<br \/>Una encuesta midi\u00f3 la primera semana de Milei y c\u00f3mo impact\u00f3 el anuncio del ajuste<br \/>Alerta en Europa: aumentaron m\u00e1s de 30 veces los casos de sarampi\u00f3n<\/p>\r\n","protected":false},"excerpt":{"rendered":"<p>El Carnaval de Concordia se prepara para su edici\u00f3n 2024 con la apertura de la venta anticipada de entradas. Desde el jueves, se podr\u00e1n adquirir los boletos a trav\u00e9s de la web oficial del evento. Asimismo, la compra presencial estar\u00e1 habilitada en la sede de Caja Mixta, ubicada en Quintana 68. Los desfiles dar\u00e1n inicio &hellip; <\/p>\n<p><a class=\"more-link btn\" href=\"https:\/\/estacionchamamecera.com\/index.php\/2023\/12\/17\/comenzo-la-venta-anticipada-de-entradas-para-el-carnaval-de-concordia\/\">Seguir leyendo<\/a><\/p>\n","protected":false},"author":4,"featured_media":0,"comment_status":"open","ping_status":"open","sticky":false,"template":"","format":"standard","meta":{"footnotes":""},"categories":[3],"tags":[],"class_list":["post-339","post","type-post","status-publish","format-standard","hentry","category-provinciales","item-wrap"],"jetpack_featured_media_url":"","_links":{"self":[{"href":"https:\/\/estacionchamamecera.com\/index.php\/wp-json\/wp\/v2\/posts\/339","targetHints":{"allow":["GET"]}}],"collection":[{"href":"https:\/\/estacionchamamecera.com\/index.php\/wp-json\/wp\/v2\/posts"}],"about":[{"href":"https:\/\/estacionchamamecera.com\/index.php\/wp-json\/wp\/v2\/types\/post"}],"author":[{"embeddable":true,"href":"https:\/\/estacionchamamecera.com\/index.php\/wp-json\/wp\/v2\/users\/4"}],"replies":[{"embeddable":true,"href":"https:\/\/estacionchamamecera.com\/index.php\/wp-json\/wp\/v2\/comments?post=339"}],"version-history":[{"count":2,"href":"https:\/\/estacionchamamecera.com\/index.php\/wp-json\/wp\/v2\/posts\/339\/revisions"}],"predecessor-version":[{"id":346,"href":"https:\/\/estacionchamamecera.com\/index.php\/wp-json\/wp\/v2\/posts\/339\/revisions\/346"}],"wp:attachment":[{"href":"https:\/\/estacionchamamecera.com\/index.php\/wp-json\/wp\/v2\/media?parent=339"}],"wp:term":[{"taxonomy":"category","embeddable":true,"href":"https:\/\/estacionchamamecera.com\/index.php\/wp-json\/wp\/v2\/categories?post=339"},{"taxonomy":"post_tag","embeddable":true,"href":"https:\/\/estacionchamamecera.com\/index.php\/wp-json\/wp\/v2\/tags?post=339"}],"curies":[{"name":"wp","href":"https:\/\/api.w.org\/{rel}","templated":true}]}}