{"id":335,"date":"2023-12-17T20:31:02","date_gmt":"2023-12-17T20:31:02","guid":{"rendered":"https:\/\/estacionchamamecera.com\/?p=335"},"modified":"2023-12-17T20:31:02","modified_gmt":"2023-12-17T20:31:02","slug":"cierre-de-ano-con-festival-de-musicos-populares-en-la-ciudad-de-villa-elisa","status":"publish","type":"post","link":"https:\/\/estacionchamamecera.com\/index.php\/2023\/12\/17\/cierre-de-ano-con-festival-de-musicos-populares-en-la-ciudad-de-villa-elisa\/","title":{"rendered":"Cierre de a\u00f1o con \u201cFestival de M\u00fasicos Populares\u201d en la ciudad de Villa Elisa"},"content":{"rendered":"<p><img decoding=\"async\" class=\"aligncenter size-medium wp-image-340\" src=\"http:\/\/estacionchamamecera.com\/wp-content\/uploads\/2023\/12\/concurso_musica_popular_2023-300x198.jpg\" alt=\"\" width=\"300\" height=\"198\" srcset=\"https:\/\/estacionchamamecera.com\/wp-content\/uploads\/2023\/12\/concurso_musica_popular_2023-300x198.jpg 300w, https:\/\/estacionchamamecera.com\/wp-content\/uploads\/2023\/12\/concurso_musica_popular_2023-1024x678.jpg 1024w, https:\/\/estacionchamamecera.com\/wp-content\/uploads\/2023\/12\/concurso_musica_popular_2023-768x508.jpg 768w, https:\/\/estacionchamamecera.com\/wp-content\/uploads\/2023\/12\/concurso_musica_popular_2023-555x367.jpg 555w, https:\/\/estacionchamamecera.com\/wp-content\/uploads\/2023\/12\/concurso_musica_popular_2023.jpg 1330w\" sizes=\"(max-width: 300px) 100vw, 300px\" \/><\/p>\r\n\r\n<p>Desde la localidad de Villa Elisa se convoca a m\u00fasicos aficionados a inscribirse hasta el viernes 22 de diciembre inclusive, para participar del \u201cFestival de M\u00fasicos Populares\u201d que tendr\u00e1 lugar el s\u00e1bado 30 en el Parque San Jorge.<br \/><br \/>Una vez realizara la selecci\u00f3n, se llevar\u00e1 a cabo un sorteo para definir el orden de actuaci\u00f3n.<br \/><br \/>La cita tendr\u00e1 lugar a partir de las 21 en el Parque San Jorge, donde se llevar\u00e1 a cabo el tradicional encuentro que cada a\u00f1o congrega m\u00fasicos aficionados de la ciudad de Villa Elisa.Adem\u00e1s, este a\u00f1o tendr\u00e1 un momento especial ya que se dar\u00e1 a conocer la \u201cCanci\u00f3n emblema\u201d de Villa Elisa, propuesta que surge a ra\u00edz de la sanci\u00f3n de la Ordenanza N\u00b0 2160 a los fines de revalorizar el legado musical del cantor y compositor elisense Oscar \u201cPiojo\u201d Joann\u00e1s.<br \/><br \/>Para esto se convoca a m\u00fasicos aficionados de Villa Elisa a inscribirse en la Oficina de Cultura (lunes a viernes de 7 a 13) o a los siguientes tel\u00e9fonos: \u00c1rea de Cultura: 03447-15642225 &#8211; Roque Bouchet: 03447- 15642105 &#8211; Rolando Charrier: 03447-15645523<br \/><br \/>La propuesta es organizada por el \u00c1rea Municipal de Cultura y Educaci\u00f3n con entrada libre y gratuita.<br \/><br \/><\/p>\r\n","protected":false},"excerpt":{"rendered":"<p>Desde la localidad de Villa Elisa se convoca a m\u00fasicos aficionados a inscribirse hasta el viernes 22 de diciembre inclusive, para participar del \u201cFestival de M\u00fasicos Populares\u201d que tendr\u00e1 lugar el s\u00e1bado 30 en el Parque San Jorge. Una vez realizara la selecci\u00f3n, se llevar\u00e1 a cabo un sorteo para definir el orden de actuaci\u00f3n. &hellip; <\/p>\n<p><a class=\"more-link btn\" href=\"https:\/\/estacionchamamecera.com\/index.php\/2023\/12\/17\/cierre-de-ano-con-festival-de-musicos-populares-en-la-ciudad-de-villa-elisa\/\">Seguir leyendo<\/a><\/p>\n","protected":false},"author":4,"featured_media":0,"comment_status":"open","ping_status":"open","sticky":false,"template":"","format":"standard","meta":{"footnotes":""},"categories":[3],"tags":[],"class_list":["post-335","post","type-post","status-publish","format-standard","hentry","category-provinciales","item-wrap"],"jetpack_featured_media_url":"","_links":{"self":[{"href":"https:\/\/estacionchamamecera.com\/index.php\/wp-json\/wp\/v2\/posts\/335","targetHints":{"allow":["GET"]}}],"collection":[{"href":"https:\/\/estacionchamamecera.com\/index.php\/wp-json\/wp\/v2\/posts"}],"about":[{"href":"https:\/\/estacionchamamecera.com\/index.php\/wp-json\/wp\/v2\/types\/post"}],"author":[{"embeddable":true,"href":"https:\/\/estacionchamamecera.com\/index.php\/wp-json\/wp\/v2\/users\/4"}],"replies":[{"embeddable":true,"href":"https:\/\/estacionchamamecera.com\/index.php\/wp-json\/wp\/v2\/comments?post=335"}],"version-history":[{"count":2,"href":"https:\/\/estacionchamamecera.com\/index.php\/wp-json\/wp\/v2\/posts\/335\/revisions"}],"predecessor-version":[{"id":341,"href":"https:\/\/estacionchamamecera.com\/index.php\/wp-json\/wp\/v2\/posts\/335\/revisions\/341"}],"wp:attachment":[{"href":"https:\/\/estacionchamamecera.com\/index.php\/wp-json\/wp\/v2\/media?parent=335"}],"wp:term":[{"taxonomy":"category","embeddable":true,"href":"https:\/\/estacionchamamecera.com\/index.php\/wp-json\/wp\/v2\/categories?post=335"},{"taxonomy":"post_tag","embeddable":true,"href":"https:\/\/estacionchamamecera.com\/index.php\/wp-json\/wp\/v2\/tags?post=335"}],"curies":[{"name":"wp","href":"https:\/\/api.w.org\/{rel}","templated":true}]}}