{"id":277,"date":"2023-11-20T13:58:19","date_gmt":"2023-11-20T13:58:19","guid":{"rendered":"https:\/\/estacionchamamecera.com\/?p=277"},"modified":"2023-11-20T13:58:19","modified_gmt":"2023-11-20T13:58:19","slug":"parana-tendra-una-velada-con-el-folclore-instrumental-como-protagonista","status":"publish","type":"post","link":"https:\/\/estacionchamamecera.com\/index.php\/2023\/11\/20\/parana-tendra-una-velada-con-el-folclore-instrumental-como-protagonista\/","title":{"rendered":"Paran\u00e1 tendr\u00e1 una velada con el folclore instrumental como protagonista"},"content":{"rendered":"<p><img decoding=\"async\" class=\"aligncenter size-medium wp-image-289\" src=\"http:\/\/estacionchamamecera.com\/wp-content\/uploads\/2023\/11\/diseno_sin_titulo_68_0-300x198.png\" alt=\"\" width=\"300\" height=\"198\" srcset=\"https:\/\/estacionchamamecera.com\/wp-content\/uploads\/2023\/11\/diseno_sin_titulo_68_0-300x198.png 300w, https:\/\/estacionchamamecera.com\/wp-content\/uploads\/2023\/11\/diseno_sin_titulo_68_0-1024x678.png 1024w, https:\/\/estacionchamamecera.com\/wp-content\/uploads\/2023\/11\/diseno_sin_titulo_68_0-768x508.png 768w, https:\/\/estacionchamamecera.com\/wp-content\/uploads\/2023\/11\/diseno_sin_titulo_68_0-555x367.png 555w, https:\/\/estacionchamamecera.com\/wp-content\/uploads\/2023\/11\/diseno_sin_titulo_68_0.png 1330w\" sizes=\"(max-width: 300px) 100vw, 300px\" \/><\/p>\r\n\r\n<p>El lunes 27 de noviembre Guanaco Tr\u00edo presenta su disco \u201cBajo un mismo cielo\u201d en una noche compartida junto al d\u00fao local conformado por Emi Osorio y Luchito Barreira. La cita ser\u00e1 en el Centro Cultural La Vieja Usina (Gregoria Matorras 861 \u2013 Paran\u00e1, Entre Rios) a las 20.30hs.<br \/><br \/>El disco \u00abBajo un mismo cielo\u00bb es una propuesta musical de folclore instrumental constituida de composiciones originales y arreglos propios del repertorio popular tradicional y contempor\u00e1neo desde un universo propio. Con Laura Urteaga en viol\u00edn y viola, Owen Salom\u00e9 en bandone\u00f3n y Benjam\u00edn Aedo en guitarra, el concierto contar\u00e1 adem\u00e1s con la presencia como invitado de Mart\u00edn Fabi\u00e1n Aquilini en bombo leg\u00fcero y percusiones. Tambi\u00e9n habr\u00e1 otras sorpresas musicales a lo largo de la velada. <br \/><br \/>La apertura estar\u00e1 a cargo de Emi Osorio y Luchito Barreira. Su propuesta es un bell\u00edsimo repertorio que transita por la m\u00fasica latinoamericana de ra\u00edz folcl\u00f3rica a trav\u00e9s de la guitarra y la voz.<br \/>Las reservas para el recital ya se encuentran disponibles. Las entradas anticipadadas tienen un costo de $2500 y de $3000 en puerta. Y la entrada ser\u00e1<br \/>libre y gratuita para menores de 12 a\u00f1os.Sobre Guanaco Tr\u00edo <br \/>Guanaco Tr\u00edo es un proyecto instrumental que cultiva la m\u00fasica argentina de ra\u00edz folcl\u00f3rica e interpreta composiciones propias y arreglos del repertorio tradicional y contempor\u00e1neo desde un universo pr\u00f3pio. Formado por Laura Urteaga en viol\u00edn, Owen Salom\u00e9 en bandone\u00f3n y Benjam\u00edn Aedo en guitarra, el grupo se encuentra presentando su primer disco \u201cBajo un mismo cielo\u201d, lanzado en febrero de 2023 por el sello \u201cShagrada Medra\u201d, el cual recoge y celebra su primera etapa de encuentro, b\u00fasqueda y aprendizajes compartidos.<br \/><br \/>Sobre Emi Osorio y Lucho Barreira <br \/>El d\u00fao conformado por Emi Osorio y Luchito Barreira es un proyecto de m\u00fasica latinoamericana nacido a principios de 2022. A trav\u00e9s de la guitarra y la voz habitan un repertorio de ra\u00edz folcl\u00f3rica buscando plasmar, con amor y respeto, un mensaje con identidad propia.<\/p>\r\n","protected":false},"excerpt":{"rendered":"<p>El lunes 27 de noviembre Guanaco Tr\u00edo presenta su disco \u201cBajo un mismo cielo\u201d en una noche compartida junto al d\u00fao local conformado por Emi Osorio y Luchito Barreira. La cita ser\u00e1 en el Centro Cultural La Vieja Usina (Gregoria Matorras 861 \u2013 Paran\u00e1, Entre Rios) a las 20.30hs. El disco \u00abBajo un mismo cielo\u00bb &hellip; <\/p>\n<p><a class=\"more-link btn\" href=\"https:\/\/estacionchamamecera.com\/index.php\/2023\/11\/20\/parana-tendra-una-velada-con-el-folclore-instrumental-como-protagonista\/\">Seguir leyendo<\/a><\/p>\n","protected":false},"author":4,"featured_media":0,"comment_status":"open","ping_status":"open","sticky":false,"template":"","format":"standard","meta":{"footnotes":""},"categories":[4],"tags":[],"class_list":["post-277","post","type-post","status-publish","format-standard","hentry","category-cultura","item-wrap"],"jetpack_featured_media_url":"","_links":{"self":[{"href":"https:\/\/estacionchamamecera.com\/index.php\/wp-json\/wp\/v2\/posts\/277","targetHints":{"allow":["GET"]}}],"collection":[{"href":"https:\/\/estacionchamamecera.com\/index.php\/wp-json\/wp\/v2\/posts"}],"about":[{"href":"https:\/\/estacionchamamecera.com\/index.php\/wp-json\/wp\/v2\/types\/post"}],"author":[{"embeddable":true,"href":"https:\/\/estacionchamamecera.com\/index.php\/wp-json\/wp\/v2\/users\/4"}],"replies":[{"embeddable":true,"href":"https:\/\/estacionchamamecera.com\/index.php\/wp-json\/wp\/v2\/comments?post=277"}],"version-history":[{"count":2,"href":"https:\/\/estacionchamamecera.com\/index.php\/wp-json\/wp\/v2\/posts\/277\/revisions"}],"predecessor-version":[{"id":290,"href":"https:\/\/estacionchamamecera.com\/index.php\/wp-json\/wp\/v2\/posts\/277\/revisions\/290"}],"wp:attachment":[{"href":"https:\/\/estacionchamamecera.com\/index.php\/wp-json\/wp\/v2\/media?parent=277"}],"wp:term":[{"taxonomy":"category","embeddable":true,"href":"https:\/\/estacionchamamecera.com\/index.php\/wp-json\/wp\/v2\/categories?post=277"},{"taxonomy":"post_tag","embeddable":true,"href":"https:\/\/estacionchamamecera.com\/index.php\/wp-json\/wp\/v2\/tags?post=277"}],"curies":[{"name":"wp","href":"https:\/\/api.w.org\/{rel}","templated":true}]}}