{"id":218,"date":"2023-10-04T13:52:43","date_gmt":"2023-10-04T13:52:43","guid":{"rendered":"https:\/\/estacionchamamecera.com\/?p=218"},"modified":"2023-10-04T13:52:43","modified_gmt":"2023-10-04T13:52:43","slug":"sauce-de-luna-sabores-y-sonidos","status":"publish","type":"post","link":"https:\/\/estacionchamamecera.com\/index.php\/2023\/10\/04\/sauce-de-luna-sabores-y-sonidos\/","title":{"rendered":"SAUCE DE LUNA  SABORES Y SONIDOS"},"content":{"rendered":"<p><img decoding=\"async\" class=\"aligncenter size-medium wp-image-223\" src=\"http:\/\/estacionchamamecera.com\/wp-content\/uploads\/2023\/10\/385258890_644108177850588_23258412993024073_n-240x300.jpg\" alt=\"\" width=\"240\" height=\"300\" srcset=\"https:\/\/estacionchamamecera.com\/wp-content\/uploads\/2023\/10\/385258890_644108177850588_23258412993024073_n-240x300.jpg 240w, https:\/\/estacionchamamecera.com\/wp-content\/uploads\/2023\/10\/385258890_644108177850588_23258412993024073_n-819x1024.jpg 819w, https:\/\/estacionchamamecera.com\/wp-content\/uploads\/2023\/10\/385258890_644108177850588_23258412993024073_n-768x960.jpg 768w, https:\/\/estacionchamamecera.com\/wp-content\/uploads\/2023\/10\/385258890_644108177850588_23258412993024073_n-555x694.jpg 555w, https:\/\/estacionchamamecera.com\/wp-content\/uploads\/2023\/10\/385258890_644108177850588_23258412993024073_n.jpg 1080w\" sizes=\"(max-width: 240px) 100vw, 240px\" \/><\/p>\r\n\r\n<p>S\u00e1bado 14 de octubre a las 14:00 hs te esperamos para disfrutar de mucha m\u00fasica, danza con un patio gastron\u00f3mico variado de platos y comidas para degustar.<br \/>\u2705\ud83e\udd1dTe esperamos en Sauce De Luna !! <br \/>Ministerio de Cultura de la Naci\u00f3n <br \/>@FefoPrieto<br \/>#CulturaFederal<br \/>.<br \/>.<br \/>.<br \/>.<br \/>\ud83d\udcf7 Prensa y difusi\u00f3n<\/p>\r\n","protected":false},"excerpt":{"rendered":"<p>S\u00e1bado 14 de octubre a las 14:00 hs te esperamos para disfrutar de mucha m\u00fasica, danza con un patio gastron\u00f3mico variado de platos y comidas para degustar.\u2705\ud83e\udd1dTe esperamos en Sauce De Luna !! Ministerio de Cultura de la Naci\u00f3n @FefoPrieto#CulturaFederal&#8230;.\ud83d\udcf7 Prensa y difusi\u00f3n<\/p>\n","protected":false},"author":4,"featured_media":0,"comment_status":"open","ping_status":"open","sticky":false,"template":"","format":"standard","meta":{"footnotes":""},"categories":[4],"tags":[],"class_list":["post-218","post","type-post","status-publish","format-standard","hentry","category-cultura","item-wrap"],"jetpack_featured_media_url":"","_links":{"self":[{"href":"https:\/\/estacionchamamecera.com\/index.php\/wp-json\/wp\/v2\/posts\/218","targetHints":{"allow":["GET"]}}],"collection":[{"href":"https:\/\/estacionchamamecera.com\/index.php\/wp-json\/wp\/v2\/posts"}],"about":[{"href":"https:\/\/estacionchamamecera.com\/index.php\/wp-json\/wp\/v2\/types\/post"}],"author":[{"embeddable":true,"href":"https:\/\/estacionchamamecera.com\/index.php\/wp-json\/wp\/v2\/users\/4"}],"replies":[{"embeddable":true,"href":"https:\/\/estacionchamamecera.com\/index.php\/wp-json\/wp\/v2\/comments?post=218"}],"version-history":[{"count":2,"href":"https:\/\/estacionchamamecera.com\/index.php\/wp-json\/wp\/v2\/posts\/218\/revisions"}],"predecessor-version":[{"id":224,"href":"https:\/\/estacionchamamecera.com\/index.php\/wp-json\/wp\/v2\/posts\/218\/revisions\/224"}],"wp:attachment":[{"href":"https:\/\/estacionchamamecera.com\/index.php\/wp-json\/wp\/v2\/media?parent=218"}],"wp:term":[{"taxonomy":"category","embeddable":true,"href":"https:\/\/estacionchamamecera.com\/index.php\/wp-json\/wp\/v2\/categories?post=218"},{"taxonomy":"post_tag","embeddable":true,"href":"https:\/\/estacionchamamecera.com\/index.php\/wp-json\/wp\/v2\/tags?post=218"}],"curies":[{"name":"wp","href":"https:\/\/api.w.org\/{rel}","templated":true}]}}