{"id":193,"date":"2023-09-26T12:44:19","date_gmt":"2023-09-26T12:44:19","guid":{"rendered":"https:\/\/estacionchamamecera.com\/?p=193"},"modified":"2023-09-26T12:44:19","modified_gmt":"2023-09-26T12:44:19","slug":"una-nueva-edicion-de-guitarras-del-mundo-se-realizara-este-sabado-en-parana","status":"publish","type":"post","link":"https:\/\/estacionchamamecera.com\/index.php\/2023\/09\/26\/una-nueva-edicion-de-guitarras-del-mundo-se-realizara-este-sabado-en-parana\/","title":{"rendered":"Una nueva edici\u00f3n de \u201cGuitarras del Mundo\u201d se realizar\u00e1 este s\u00e1bado en Paran\u00e1"},"content":{"rendered":"<p><img decoding=\"async\" class=\"aligncenter size-medium wp-image-198\" src=\"http:\/\/estacionchamamecera.com\/wp-content\/uploads\/2023\/09\/328252729_587787806143224_5900038499798482081_n-300x198.jpg\" alt=\"\" width=\"300\" height=\"198\" srcset=\"https:\/\/estacionchamamecera.com\/wp-content\/uploads\/2023\/09\/328252729_587787806143224_5900038499798482081_n-300x198.jpg 300w, https:\/\/estacionchamamecera.com\/wp-content\/uploads\/2023\/09\/328252729_587787806143224_5900038499798482081_n-1024x678.jpg 1024w, https:\/\/estacionchamamecera.com\/wp-content\/uploads\/2023\/09\/328252729_587787806143224_5900038499798482081_n-768x508.jpg 768w, https:\/\/estacionchamamecera.com\/wp-content\/uploads\/2023\/09\/328252729_587787806143224_5900038499798482081_n-555x367.jpg 555w, https:\/\/estacionchamamecera.com\/wp-content\/uploads\/2023\/09\/328252729_587787806143224_5900038499798482081_n.jpg 1330w\" sizes=\"(max-width: 300px) 100vw, 300px\" \/><\/p>\r\n\r\n<p>El pr\u00f3ximo s\u00e1bado a las 21, en el Auditorio Juan Domingo Per\u00f3n de la sede sindical de UPCN de la capital entrerriana, se llevar\u00e1 adelante la 29\u00b0 edici\u00f3n del Festival Guitarras del Mundo. Actividad con entrada libre y gratuita.<br \/><br \/>En esta oportunidad se realizar\u00e1 en homenaje al maestro Eduardo Fal\u00fa, al cumplirse el 100\u00b0 aniversario de su nacimiento, y contar\u00e1 con las actuaciones de Tallar el Aire, tr\u00edo de guitarras integrado por Alejandro Corfield, Juan Viviani y Marcelo Coronel; el estadounidense Adam Levin, guitarrista cl\u00e1sico y artista de grabaci\u00f3n; y el m\u00fasico paranaense Pico Rubio.<br \/><br \/>Las entradas ya est\u00e1n disponibles para ser retiradas con anticipaci\u00f3n en el Sindicato, de lunes a jueves de 8 a 20 y los viernes de 8 a 19.Guitarras del Mundo viene desarroll\u00e1ndose todos los a\u00f1os en el pa\u00eds gracias a la pol\u00edtica sostenida desde UPCN, que promueve espacios culturales de calidad para los trabajadores y sus familias.<br \/><br \/>La nueva edici\u00f3n de este festival itinerante tendr\u00e1 apertura el mi\u00e9rcoles 27 de septiembre en la c\u00fapula del Centro Cultural Kirchner (CCK). Luego inicia una gira por un total de 37 sedes en todo el pa\u00eds, donde actuar\u00e1n int\u00e9rpretes de 12 pa\u00edses que cuentan con excelente nivel musical y reconocimiento nacional e internacional. El cierre se realizar\u00e1 el domingo 8 de octubre a las 17 en la Sala Argentina del CCK.<br \/><br \/>Esta actividad es apadrinada por el guitarrista y compositor Juan Fal\u00fa, alma mater y gestor de la misma, y goza de reconocimiento internacional.<br \/><br \/>La actividad es organizada por la Uni\u00f3n Personal Civil de la Naci\u00f3n (UPCN) junto al Ministerio de Cultura de la Naci\u00f3n. La cita ser\u00e1 el pr\u00f3ximo s\u00e1bado en el Auditorio Juan Domingo Per\u00f3n de la sede sindical, ubicada en Santa Fe 463 de Paran\u00e1.<\/p>\r\n","protected":false},"excerpt":{"rendered":"<p>El pr\u00f3ximo s\u00e1bado a las 21, en el Auditorio Juan Domingo Per\u00f3n de la sede sindical de UPCN de la capital entrerriana, se llevar\u00e1 adelante la 29\u00b0 edici\u00f3n del Festival Guitarras del Mundo. Actividad con entrada libre y gratuita. En esta oportunidad se realizar\u00e1 en homenaje al maestro Eduardo Fal\u00fa, al cumplirse el 100\u00b0 aniversario &hellip; <\/p>\n<p><a class=\"more-link btn\" href=\"https:\/\/estacionchamamecera.com\/index.php\/2023\/09\/26\/una-nueva-edicion-de-guitarras-del-mundo-se-realizara-este-sabado-en-parana\/\">Seguir leyendo<\/a><\/p>\n","protected":false},"author":4,"featured_media":0,"comment_status":"open","ping_status":"open","sticky":false,"template":"","format":"standard","meta":{"footnotes":""},"categories":[3],"tags":[],"class_list":["post-193","post","type-post","status-publish","format-standard","hentry","category-provinciales","item-wrap"],"jetpack_featured_media_url":"","_links":{"self":[{"href":"https:\/\/estacionchamamecera.com\/index.php\/wp-json\/wp\/v2\/posts\/193","targetHints":{"allow":["GET"]}}],"collection":[{"href":"https:\/\/estacionchamamecera.com\/index.php\/wp-json\/wp\/v2\/posts"}],"about":[{"href":"https:\/\/estacionchamamecera.com\/index.php\/wp-json\/wp\/v2\/types\/post"}],"author":[{"embeddable":true,"href":"https:\/\/estacionchamamecera.com\/index.php\/wp-json\/wp\/v2\/users\/4"}],"replies":[{"embeddable":true,"href":"https:\/\/estacionchamamecera.com\/index.php\/wp-json\/wp\/v2\/comments?post=193"}],"version-history":[{"count":2,"href":"https:\/\/estacionchamamecera.com\/index.php\/wp-json\/wp\/v2\/posts\/193\/revisions"}],"predecessor-version":[{"id":199,"href":"https:\/\/estacionchamamecera.com\/index.php\/wp-json\/wp\/v2\/posts\/193\/revisions\/199"}],"wp:attachment":[{"href":"https:\/\/estacionchamamecera.com\/index.php\/wp-json\/wp\/v2\/media?parent=193"}],"wp:term":[{"taxonomy":"category","embeddable":true,"href":"https:\/\/estacionchamamecera.com\/index.php\/wp-json\/wp\/v2\/categories?post=193"},{"taxonomy":"post_tag","embeddable":true,"href":"https:\/\/estacionchamamecera.com\/index.php\/wp-json\/wp\/v2\/tags?post=193"}],"curies":[{"name":"wp","href":"https:\/\/api.w.org\/{rel}","templated":true}]}}