{"id":1468,"date":"2025-11-26T15:24:06","date_gmt":"2025-11-26T15:24:06","guid":{"rendered":"https:\/\/estacionchamamecera.com\/?p=1468"},"modified":"2025-11-26T15:24:06","modified_gmt":"2025-11-26T15:24:06","slug":"gobernador-mansilla-realizara-la-12-fiesta-provincial-de-la-torta-frita","status":"publish","type":"post","link":"https:\/\/estacionchamamecera.com\/index.php\/2025\/11\/26\/gobernador-mansilla-realizara-la-12-fiesta-provincial-de-la-torta-frita\/","title":{"rendered":"Gobernador Mansilla realizar\u00e1 la 12\u00b0 Fiesta Provincial de la Torta Frita"},"content":{"rendered":"\r\n<p><img decoding=\"async\" class=\"aligncenter size-medium wp-image-1473\" src=\"http:\/\/estacionchamamecera.com\/wp-content\/uploads\/2025\/11\/torta-frita-300x200.jpg\" alt=\"\" width=\"300\" height=\"200\" srcset=\"https:\/\/estacionchamamecera.com\/wp-content\/uploads\/2025\/11\/torta-frita-300x200.jpg 300w, https:\/\/estacionchamamecera.com\/wp-content\/uploads\/2025\/11\/torta-frita-1024x683.jpg 1024w, https:\/\/estacionchamamecera.com\/wp-content\/uploads\/2025\/11\/torta-frita-768x512.jpg 768w, https:\/\/estacionchamamecera.com\/wp-content\/uploads\/2025\/11\/torta-frita-1536x1024.jpg 1536w, https:\/\/estacionchamamecera.com\/wp-content\/uploads\/2025\/11\/torta-frita-555x370.jpg 555w, https:\/\/estacionchamamecera.com\/wp-content\/uploads\/2025\/11\/torta-frita.jpg 1920w\" sizes=\"(max-width: 300px) 100vw, 300px\" \/>Este martes se present\u00f3 la 12\u00b0 Fiesta Provincial de la Torta Frita que se desarrollar\u00e1 en Gobernador Mansilla, este s\u00e1bado 29, en el Predio de la Estaci\u00f3n de la localidad, con entrada libre y gratuita.<br \/>La presentaci\u00f3n fue en el Museo Casa de Gobierno, organismo dependiente de la Secretar\u00eda de Cultura de Entre R\u00edos.<br \/><br \/>El secretario de Cultura provincial, Juli\u00e1n Stoppello, destac\u00f3: \u00abInvitamos a todos los entrerrianos a sumarse a esta fiesta que integra tradici\u00f3n, cultura, producci\u00f3n y turismo. Para nosotros es muy importante dar a conocer este evento, que ya llega a su doceava edici\u00f3n, para celebrar la cultura y la identidad entrerriana\u00bb.<br \/><br \/>En el acto tambi\u00e9n estuvo presente el presidente municipal, Francisco Passinato. \u00abNecesit\u00e1bamos un s\u00edmbolo que nos identificara como pueblo y elegimos la torta frita como el alimento representativo. Esta fiesta ha ido creciendo cada a\u00f1o, incorporando la participaci\u00f3n de artesanos, emprendedores, concursos, y una variada grilla art\u00edstica\u00bb, expres\u00f3.<br \/><br \/>Por su parte, el asesor cultural, Beltr\u00e1n Alarc\u00f3n agradeci\u00f3 diciendo que es un honor que esta fiesta, que comenz\u00f3 como un evento municipal, haya adquirido caracter\u00edsticas provinciales. \u00abAgradecemos profundamente a las autoridades del gobierno provincial por permitir la declaraci\u00f3n de esta fiesta. Para una localidad de aproximadamente 3000 habitantes como la nuestra, es muy importante contar con un evento con esta trascendencia\u00bb, sostuvo.<br \/><br \/>Durante la fiesta habr\u00e1 artesanos y emprendedores, patio de comidas, concurso de Torta Frita y m\u00fasica en vivo con artistas invitados. Actuar\u00e1n Los Laguneros del Chamam\u00e9, Los Majestuosos del Chamam\u00e9, Ponte a Bailar, Litoral Mit\u00e1, Uriel L\u00f3pez y Los Raiceritos, entre otros.<\/p>\r\n","protected":false},"excerpt":{"rendered":"<p>Este martes se present\u00f3 la 12\u00b0 Fiesta Provincial de la Torta Frita que se desarrollar\u00e1 en Gobernador Mansilla, este s\u00e1bado 29, en el Predio de la Estaci\u00f3n de la localidad, con entrada libre y gratuita.La presentaci\u00f3n fue en el Museo Casa de Gobierno, organismo dependiente de la Secretar\u00eda de Cultura de Entre R\u00edos. El secretario &hellip; <\/p>\n<p><a class=\"more-link btn\" href=\"https:\/\/estacionchamamecera.com\/index.php\/2025\/11\/26\/gobernador-mansilla-realizara-la-12-fiesta-provincial-de-la-torta-frita\/\">Seguir leyendo<\/a><\/p>\n","protected":false},"author":4,"featured_media":0,"comment_status":"open","ping_status":"open","sticky":false,"template":"","format":"standard","meta":{"footnotes":""},"categories":[3],"tags":[],"class_list":["post-1468","post","type-post","status-publish","format-standard","hentry","category-provinciales","item-wrap"],"jetpack_featured_media_url":"","_links":{"self":[{"href":"https:\/\/estacionchamamecera.com\/index.php\/wp-json\/wp\/v2\/posts\/1468","targetHints":{"allow":["GET"]}}],"collection":[{"href":"https:\/\/estacionchamamecera.com\/index.php\/wp-json\/wp\/v2\/posts"}],"about":[{"href":"https:\/\/estacionchamamecera.com\/index.php\/wp-json\/wp\/v2\/types\/post"}],"author":[{"embeddable":true,"href":"https:\/\/estacionchamamecera.com\/index.php\/wp-json\/wp\/v2\/users\/4"}],"replies":[{"embeddable":true,"href":"https:\/\/estacionchamamecera.com\/index.php\/wp-json\/wp\/v2\/comments?post=1468"}],"version-history":[{"count":2,"href":"https:\/\/estacionchamamecera.com\/index.php\/wp-json\/wp\/v2\/posts\/1468\/revisions"}],"predecessor-version":[{"id":1474,"href":"https:\/\/estacionchamamecera.com\/index.php\/wp-json\/wp\/v2\/posts\/1468\/revisions\/1474"}],"wp:attachment":[{"href":"https:\/\/estacionchamamecera.com\/index.php\/wp-json\/wp\/v2\/media?parent=1468"}],"wp:term":[{"taxonomy":"category","embeddable":true,"href":"https:\/\/estacionchamamecera.com\/index.php\/wp-json\/wp\/v2\/categories?post=1468"},{"taxonomy":"post_tag","embeddable":true,"href":"https:\/\/estacionchamamecera.com\/index.php\/wp-json\/wp\/v2\/tags?post=1468"}],"curies":[{"name":"wp","href":"https:\/\/api.w.org\/{rel}","templated":true}]}}