{"id":1255,"date":"2025-06-13T14:44:47","date_gmt":"2025-06-13T14:44:47","guid":{"rendered":"https:\/\/estacionchamamecera.com\/?p=1255"},"modified":"2025-06-13T14:44:47","modified_gmt":"2025-06-13T14:44:47","slug":"dia-del-escritor-y-de-la-escritora","status":"publish","type":"post","link":"https:\/\/estacionchamamecera.com\/index.php\/2025\/06\/13\/dia-del-escritor-y-de-la-escritora\/","title":{"rendered":"D\u00eda del Escritor y de la Escritora"},"content":{"rendered":"<p><img decoding=\"async\" class=\"aligncenter size-medium wp-image-1262\" src=\"http:\/\/estacionchamamecera.com\/wp-content\/uploads\/2025\/06\/obra_lugones-300x238.jpg\" alt=\"\" width=\"300\" height=\"238\" srcset=\"https:\/\/estacionchamamecera.com\/wp-content\/uploads\/2025\/06\/obra_lugones-300x238.jpg 300w, https:\/\/estacionchamamecera.com\/wp-content\/uploads\/2025\/06\/obra_lugones-555x440.jpg 555w, https:\/\/estacionchamamecera.com\/wp-content\/uploads\/2025\/06\/obra_lugones.jpg 761w\" sizes=\"(max-width: 300px) 100vw, 300px\" \/><\/p>\r\n\r\n<p>Hoy, 13 de junio, se celebra este d\u00eda en honor al poeta Leopoldo Lugones. Su obra est\u00e1 marcada por la b\u00fasqueda de una lengua nacional.<br \/>Considerado el m\u00e1ximo exponente de nuestra cultura, Leopoldo Lugones naci\u00f3 en Villa Mar\u00eda del R\u00edo Seco en la provincia de C\u00f3rdoba en 1874. Pas\u00f3 all\u00ed su ni\u00f1ez y adolescencia y vivi\u00f3 tambi\u00e9n en Santiago del Estero. Se radic\u00f3 en Buenos Aires en 1895. En la ciudad ejerci\u00f3 el periodismo en el diario El Tiempo y en 1897 fund\u00f3 junto a Jos\u00e9 Ingenieros el peri\u00f3dico socialista revolucionario La Monta\u00f1a.<br \/><br \/>A\u00f1os despu\u00e9s llegar\u00eda a dirigir la Biblioteca Nacional de Maestros. Realiz\u00f3 varios viajes al viejo continente europeo, residiendo en Par\u00eds de 1911 a 1914. Fue colaborador del Diario La Naci\u00f3n. Obtuvo el Premio Nacional de Literatura en 1926 y en 1928 fund\u00f3 la Sociedad Argentina de Escritores.<br \/><br \/>Si bien sus ideas pol\u00edticas en un inicio fueron socialistas fue virando a un ala m\u00e1s conservadora hasta apoyar el golpe de Estado de Uriburu en 1930 que derroc\u00f3 al presidente en funciones, Hip\u00f3lito Yrigoyen.<br \/>Su obra<br \/><br \/>Su primer poemario Los mundos fue publicado en 1893. Tres a\u00f1os m\u00e1s tarde conocer\u00eda al poeta nicarag\u00fcense Rub\u00e9n Dar\u00edo, influencia definitiva en su escritura. Le siguieron Las monta\u00f1as de oro (1897), Los crep\u00fasculos del jard\u00edn (1905) y Lunario sentimental (1909).<br \/><br \/>A partir de 1910, con la publicaci\u00f3n de Odas seculares se observa un cambio en su registro para centrarse en la exaltaci\u00f3n de la tierra y su gente.<br \/><br \/>Le siguieron El libro fiel (1912 y los poemarios El libro de los paisajes (1917), Las horas doradas (1922), Romancero (1924), Poemas solariegos (1927) y Romances del R\u00edo Seco (publicaci\u00f3n p\u00f3stuma en 1938). Continu\u00f3 con La guerra gaucha (1905), un relato hist\u00f3rico sobre la guerra de la independencia, adaptada para el cine en por Lucas Demare en 1942 y una novela teos\u00f3fica, El \u00e1ngel de la sombra (1926).<br \/><br \/>Lugones como narrador es el gran pionero de la literatura fant\u00e1stica en Argentina gracias a Las fuerzas extra\u00f1as (1906), La torre de Casandra (1919), Cuentos fatales (1924) y La patria fuerte (1933), precursores de los mejores relatos de algunos de los m\u00e1s grandes cultivadores de este dif\u00edcil g\u00e9nero, como Horacio Quiroga, Jorge Luis Borges y Julio Cort\u00e1zar.<br \/><br \/>Para Lugones, el rol del escritor estaba unido al destino de su pa\u00eds y por lo tanto, deb\u00eda ser parte de su acci\u00f3n pol\u00edtica. Admirador de las bibliotecas populares (contaba an\u00e9cdotas sobre c\u00f3mo lo marc\u00f3 la biblioteca de su pueblo),dirigi\u00f3 hasta su muerte la Biblioteca Nacional de Maestros y contribuy\u00f3 a dise\u00f1ar una reforma para la educaci\u00f3n secundaria argentina.<br \/>Leopoldo Lugones por Carlos Alonso.<br \/><br \/>A pesar de ser considerado un poeta moderno, fue cr\u00edtico de las vanguardias literarias de principios del siglo XX lo que lo enfrent\u00f3 al grupo de literatos que participaba de la revista Mart\u00edn Fierro, entre ellos, Oliverio Girondo, Norah Lange, Leopoldo Marechal y Jorge Luis Borges.<br \/><br \/>A pesar de las diferencias Borges lo retratar\u00eda con justeza en su texto La muerte de Leopoldo Lugones.<br \/><br \/>\u00abLeopoldo Lugones fue y sigue siendo el m\u00e1ximo escritor argentino. Recabar este t\u00edtulo para Sarmiento es olvidar que su obra escrita debe ser juzgada a la luz de su obra total, quiero decir de su vida; recabarlo para Groussac es olvidar que \u00e9ste fue un cr\u00edtico europeo que se produjo en espa\u00f1ol accidentalmente, si bien con maestr\u00eda singular. El Facundo y el Mart\u00edn Fierro significan m\u00e1s para los argentinos que cualquier libro de Lugones o que su heterog\u00e9neo conjunto, pero Lugones por su Historia de Sarmiento y El payador comprende de alg\u00fan modo y supera aquellos libros fundamentales.<br \/>Lugones encarn\u00f3 en grado heroico las cualidades de nuestra literatura, buenas y malas. Por un lado, el goce verbal, la m\u00fasica instintiva, la facultad de comprender y reproducir cualquier artificio; por otro, cierta indiferencia esencial, la posibilidad de encarar un tema desde diversos \u00e1ngulos, de usarlo para la exaltaci\u00f3n o para la burla.<br \/><br \/>Acaso es l\u00edcito ir m\u00e1s lejos. Acaso cabe adivinar o entrever o simplemente imaginar la historia, la historia de un hombre que, sin saberlo, se neg\u00f3 a la pasi\u00f3n y laboriosamente erigi\u00f3 altos e ilustres edificios verbales hasta que el fr\u00edo y la soledad lo alcanzaron. Entonces, aquel hombre, se\u00f1or de todas las palabras y de todas las pompas de la palabra, sinti\u00f3 en la entra\u00f1a que la realidad no es verbal y puede ser incomunicable y atroz, y fue, callado y solo, a buscar, en el crep\u00fasculo de una isla, la muerte\u00bb.<br \/><br \/>El 18 de febrero de 1938 Leopoldo Lugones se suicid\u00f3 en una pensi\u00f3n del delta del Paran\u00e1 llamada El Tropez\u00f3n. Ten\u00eda 64 a\u00f1os.<br \/><br \/>Poeta, narrador, bibliotecario, pedagogo y ensayista, en su obra forj\u00f3 de hecho una vanguardia literaria que rompi\u00f3 con la herencia hispanista y sent\u00f3 as\u00ed las bases de una literatura moderna, siempre en la b\u00fasqueda de una lengua propia para nuestro pa\u00eds.<\/p>\r\n","protected":false},"excerpt":{"rendered":"<p>Hoy, 13 de junio, se celebra este d\u00eda en honor al poeta Leopoldo Lugones. Su obra est\u00e1 marcada por la b\u00fasqueda de una lengua nacional.Considerado el m\u00e1ximo exponente de nuestra cultura, Leopoldo Lugones naci\u00f3 en Villa Mar\u00eda del R\u00edo Seco en la provincia de C\u00f3rdoba en 1874. Pas\u00f3 all\u00ed su ni\u00f1ez y adolescencia y vivi\u00f3 &hellip; <\/p>\n<p><a class=\"more-link btn\" href=\"https:\/\/estacionchamamecera.com\/index.php\/2025\/06\/13\/dia-del-escritor-y-de-la-escritora\/\">Seguir leyendo<\/a><\/p>\n","protected":false},"author":4,"featured_media":0,"comment_status":"open","ping_status":"open","sticky":false,"template":"","format":"standard","meta":{"footnotes":""},"categories":[4],"tags":[],"class_list":["post-1255","post","type-post","status-publish","format-standard","hentry","category-cultura","item-wrap"],"jetpack_featured_media_url":"","_links":{"self":[{"href":"https:\/\/estacionchamamecera.com\/index.php\/wp-json\/wp\/v2\/posts\/1255","targetHints":{"allow":["GET"]}}],"collection":[{"href":"https:\/\/estacionchamamecera.com\/index.php\/wp-json\/wp\/v2\/posts"}],"about":[{"href":"https:\/\/estacionchamamecera.com\/index.php\/wp-json\/wp\/v2\/types\/post"}],"author":[{"embeddable":true,"href":"https:\/\/estacionchamamecera.com\/index.php\/wp-json\/wp\/v2\/users\/4"}],"replies":[{"embeddable":true,"href":"https:\/\/estacionchamamecera.com\/index.php\/wp-json\/wp\/v2\/comments?post=1255"}],"version-history":[{"count":2,"href":"https:\/\/estacionchamamecera.com\/index.php\/wp-json\/wp\/v2\/posts\/1255\/revisions"}],"predecessor-version":[{"id":1263,"href":"https:\/\/estacionchamamecera.com\/index.php\/wp-json\/wp\/v2\/posts\/1255\/revisions\/1263"}],"wp:attachment":[{"href":"https:\/\/estacionchamamecera.com\/index.php\/wp-json\/wp\/v2\/media?parent=1255"}],"wp:term":[{"taxonomy":"category","embeddable":true,"href":"https:\/\/estacionchamamecera.com\/index.php\/wp-json\/wp\/v2\/categories?post=1255"},{"taxonomy":"post_tag","embeddable":true,"href":"https:\/\/estacionchamamecera.com\/index.php\/wp-json\/wp\/v2\/tags?post=1255"}],"curies":[{"name":"wp","href":"https:\/\/api.w.org\/{rel}","templated":true}]}}