{"id":1207,"date":"2025-05-20T20:48:23","date_gmt":"2025-05-20T20:48:23","guid":{"rendered":"https:\/\/estacionchamamecera.com\/?p=1207"},"modified":"2025-05-20T20:48:23","modified_gmt":"2025-05-20T20:48:23","slug":"federal-veni-a-conocer-la-estacion","status":"publish","type":"post","link":"https:\/\/estacionchamamecera.com\/index.php\/2025\/05\/20\/federal-veni-a-conocer-la-estacion\/","title":{"rendered":"FEDERAL&#8211;Ven\u00ed a conocer la Estaci\u00f3n!"},"content":{"rendered":"<p><img decoding=\"async\" class=\"aligncenter size-medium wp-image-1212\" src=\"http:\/\/estacionchamamecera.com\/wp-content\/uploads\/2025\/05\/497852220_17882825646291315_8766431721607979753_n-240x300.jpg\" alt=\"\" width=\"240\" height=\"300\" srcset=\"https:\/\/estacionchamamecera.com\/wp-content\/uploads\/2025\/05\/497852220_17882825646291315_8766431721607979753_n-240x300.jpg 240w, https:\/\/estacionchamamecera.com\/wp-content\/uploads\/2025\/05\/497852220_17882825646291315_8766431721607979753_n.jpg 480w\" sizes=\"(max-width: 240px) 100vw, 240px\" \/><img decoding=\"async\" class=\"aligncenter size-medium wp-image-1213\" src=\"http:\/\/estacionchamamecera.com\/wp-content\/uploads\/2025\/05\/497920311_17882825655291315_8495117087410921269_n-240x300.jpg\" alt=\"\" width=\"240\" height=\"300\" srcset=\"https:\/\/estacionchamamecera.com\/wp-content\/uploads\/2025\/05\/497920311_17882825655291315_8495117087410921269_n-240x300.jpg 240w, https:\/\/estacionchamamecera.com\/wp-content\/uploads\/2025\/05\/497920311_17882825655291315_8495117087410921269_n.jpg 480w\" sizes=\"(max-width: 240px) 100vw, 240px\" \/><\/p>\r\n\r\n<p>El hist\u00f3rico predio del ferrocarril est\u00e1 abierto para visitas de lunes a viernes de 7 a 13 h, y tambi\u00e9n los martes y jueves de 16 a 18 h.<br \/>Las escuelas pueden solicitar visitas guiadas, que se realizar\u00e1n los d\u00edas mi\u00e9rcoles, presentando una nota dirigida al \u00c1rea de Turismo con anticipaci\u00f3n.<br \/>Te invitamos a recorrer un espacio lleno de historia, memoria y patrimonio de nuestra ciudad.<br \/>\ud83d\udccd \u00a1Te esperamos para revivir el esp\u00edritu ferroviario que marc\u00f3 a Federal!<\/p>\r\n","protected":false},"excerpt":{"rendered":"<p>El hist\u00f3rico predio del ferrocarril est\u00e1 abierto para visitas de lunes a viernes de 7 a 13 h, y tambi\u00e9n los martes y jueves de 16 a 18 h.Las escuelas pueden solicitar visitas guiadas, que se realizar\u00e1n los d\u00edas mi\u00e9rcoles, presentando una nota dirigida al \u00c1rea de Turismo con anticipaci\u00f3n.Te invitamos a recorrer un espacio &hellip; <\/p>\n<p><a class=\"more-link btn\" href=\"https:\/\/estacionchamamecera.com\/index.php\/2025\/05\/20\/federal-veni-a-conocer-la-estacion\/\">Seguir leyendo<\/a><\/p>\n","protected":false},"author":4,"featured_media":0,"comment_status":"open","ping_status":"open","sticky":false,"template":"","format":"standard","meta":{"footnotes":""},"categories":[2],"tags":[],"class_list":["post-1207","post","type-post","status-publish","format-standard","hentry","category-locales","item-wrap"],"jetpack_featured_media_url":"","_links":{"self":[{"href":"https:\/\/estacionchamamecera.com\/index.php\/wp-json\/wp\/v2\/posts\/1207","targetHints":{"allow":["GET"]}}],"collection":[{"href":"https:\/\/estacionchamamecera.com\/index.php\/wp-json\/wp\/v2\/posts"}],"about":[{"href":"https:\/\/estacionchamamecera.com\/index.php\/wp-json\/wp\/v2\/types\/post"}],"author":[{"embeddable":true,"href":"https:\/\/estacionchamamecera.com\/index.php\/wp-json\/wp\/v2\/users\/4"}],"replies":[{"embeddable":true,"href":"https:\/\/estacionchamamecera.com\/index.php\/wp-json\/wp\/v2\/comments?post=1207"}],"version-history":[{"count":2,"href":"https:\/\/estacionchamamecera.com\/index.php\/wp-json\/wp\/v2\/posts\/1207\/revisions"}],"predecessor-version":[{"id":1214,"href":"https:\/\/estacionchamamecera.com\/index.php\/wp-json\/wp\/v2\/posts\/1207\/revisions\/1214"}],"wp:attachment":[{"href":"https:\/\/estacionchamamecera.com\/index.php\/wp-json\/wp\/v2\/media?parent=1207"}],"wp:term":[{"taxonomy":"category","embeddable":true,"href":"https:\/\/estacionchamamecera.com\/index.php\/wp-json\/wp\/v2\/categories?post=1207"},{"taxonomy":"post_tag","embeddable":true,"href":"https:\/\/estacionchamamecera.com\/index.php\/wp-json\/wp\/v2\/tags?post=1207"}],"curies":[{"name":"wp","href":"https:\/\/api.w.org\/{rel}","templated":true}]}}