{"id":115,"date":"2023-08-14T15:28:27","date_gmt":"2023-08-14T15:28:27","guid":{"rendered":"https:\/\/estacionchamamecera.com\/?p=115"},"modified":"2023-08-14T15:28:27","modified_gmt":"2023-08-14T15:28:27","slug":"se-llevara-adelante-el-6-encuentro-provincial-dramatiza-en-gualeguaychu","status":"publish","type":"post","link":"https:\/\/estacionchamamecera.com\/index.php\/2023\/08\/14\/se-llevara-adelante-el-6-encuentro-provincial-dramatiza-en-gualeguaychu\/","title":{"rendered":"Se llevar\u00e1 adelante el 6\u00b0 Encuentro Provincial Dramatiza, en Gualeguaych\u00fa"},"content":{"rendered":"<p><img decoding=\"async\" class=\"aligncenter size-medium wp-image-120\" src=\"http:\/\/estacionchamamecera.com\/wp-content\/uploads\/2023\/08\/img_0957_0-300x198.jpg\" alt=\"\" width=\"300\" height=\"198\" srcset=\"https:\/\/estacionchamamecera.com\/wp-content\/uploads\/2023\/08\/img_0957_0-300x198.jpg 300w, https:\/\/estacionchamamecera.com\/wp-content\/uploads\/2023\/08\/img_0957_0-1024x678.jpg 1024w, https:\/\/estacionchamamecera.com\/wp-content\/uploads\/2023\/08\/img_0957_0-768x508.jpg 768w, https:\/\/estacionchamamecera.com\/wp-content\/uploads\/2023\/08\/img_0957_0-555x367.jpg 555w, https:\/\/estacionchamamecera.com\/wp-content\/uploads\/2023\/08\/img_0957_0.jpg 1330w\" sizes=\"(max-width: 300px) 100vw, 300px\" \/><\/p>\r\n\r\n<p>Los d\u00edas 1 y 2 de septiembre en la sede Gualeguaych\u00fa de la FHAyCS &#8211; UADER (Urquiza 2229) se realizar\u00e1 el 6\u00b0Encuentro Provincial Dramatiza y el 1\u00b0 Encuentro de Teatro en la Educaci\u00f3n, la organizaci\u00f3n est\u00e1 a cargo del Profesorado de Teatro y la Red Dramatiza Entre R\u00edos.<br \/><br \/>El objetivo del encuentro es desarrollar cooperativamente conocimiento conceptual y did\u00e1ctico relacionado con la ense\u00f1anza-aprendizaje del teatro con impronta regional. Adem\u00e1s, se busca dar marco a un espacio de construcci\u00f3n de saberes en torno al teatro y la educaci\u00f3n<br \/><br \/>Ser\u00e1n dos jornadas en las cuales se podr\u00e1 participar de: conversatorios, ponencias y grupos de estudios sobre Pedagog\u00eda Teatral y Estudios Carnavalescos; talleres sobre: el tr\u00e1nsito universitario, dramaturgia; t\u00e9cnica vocal y cuidado de la voz; abordaje de la ESI, presentaci\u00f3n editorial; y puesta en escena y desmontaje de una obra.<br \/><br \/>El encuentro est\u00e1 destinado a profesores y estudiantes de Teatro; docentes de disciplinas art\u00edsticas; docentes en general; y aquellas personas interesadas en la pedagog\u00eda teatral.Cronograma<br \/><br \/>Viernes 1 septiembre de 10 a 19.30<br \/><br \/>S\u00e1bado 2 de septiembre de 9 a 20<br \/><br \/>Por inscripciones: FORMULARIO<br \/><br \/>Por informes y consultas: redprofesoresteatroentrerios@gmail.com<br \/><br \/>@damatiza.entre.rios<\/p>\r\n","protected":false},"excerpt":{"rendered":"<p>Los d\u00edas 1 y 2 de septiembre en la sede Gualeguaych\u00fa de la FHAyCS &#8211; UADER (Urquiza 2229) se realizar\u00e1 el 6\u00b0Encuentro Provincial Dramatiza y el 1\u00b0 Encuentro de Teatro en la Educaci\u00f3n, la organizaci\u00f3n est\u00e1 a cargo del Profesorado de Teatro y la Red Dramatiza Entre R\u00edos. El objetivo del encuentro es desarrollar cooperativamente &hellip; <\/p>\n<p><a class=\"more-link btn\" href=\"https:\/\/estacionchamamecera.com\/index.php\/2023\/08\/14\/se-llevara-adelante-el-6-encuentro-provincial-dramatiza-en-gualeguaychu\/\">Seguir leyendo<\/a><\/p>\n","protected":false},"author":4,"featured_media":0,"comment_status":"open","ping_status":"open","sticky":false,"template":"","format":"standard","meta":{"footnotes":""},"categories":[3],"tags":[],"class_list":["post-115","post","type-post","status-publish","format-standard","hentry","category-provinciales","item-wrap"],"jetpack_featured_media_url":"","_links":{"self":[{"href":"https:\/\/estacionchamamecera.com\/index.php\/wp-json\/wp\/v2\/posts\/115","targetHints":{"allow":["GET"]}}],"collection":[{"href":"https:\/\/estacionchamamecera.com\/index.php\/wp-json\/wp\/v2\/posts"}],"about":[{"href":"https:\/\/estacionchamamecera.com\/index.php\/wp-json\/wp\/v2\/types\/post"}],"author":[{"embeddable":true,"href":"https:\/\/estacionchamamecera.com\/index.php\/wp-json\/wp\/v2\/users\/4"}],"replies":[{"embeddable":true,"href":"https:\/\/estacionchamamecera.com\/index.php\/wp-json\/wp\/v2\/comments?post=115"}],"version-history":[{"count":2,"href":"https:\/\/estacionchamamecera.com\/index.php\/wp-json\/wp\/v2\/posts\/115\/revisions"}],"predecessor-version":[{"id":121,"href":"https:\/\/estacionchamamecera.com\/index.php\/wp-json\/wp\/v2\/posts\/115\/revisions\/121"}],"wp:attachment":[{"href":"https:\/\/estacionchamamecera.com\/index.php\/wp-json\/wp\/v2\/media?parent=115"}],"wp:term":[{"taxonomy":"category","embeddable":true,"href":"https:\/\/estacionchamamecera.com\/index.php\/wp-json\/wp\/v2\/categories?post=115"},{"taxonomy":"post_tag","embeddable":true,"href":"https:\/\/estacionchamamecera.com\/index.php\/wp-json\/wp\/v2\/tags?post=115"}],"curies":[{"name":"wp","href":"https:\/\/api.w.org\/{rel}","templated":true}]}}