{"id":1138,"date":"2025-04-09T14:37:19","date_gmt":"2025-04-09T14:37:19","guid":{"rendered":"https:\/\/estacionchamamecera.com\/?p=1138"},"modified":"2025-04-09T14:37:19","modified_gmt":"2025-04-09T14:37:19","slug":"el-ciclo-entre-rios-cantada-llega-a-gualeguaychu","status":"publish","type":"post","link":"https:\/\/estacionchamamecera.com\/index.php\/2025\/04\/09\/el-ciclo-entre-rios-cantada-llega-a-gualeguaychu\/","title":{"rendered":"El ciclo Entre R\u00edos cantada llega a Gualeguaych\u00fa"},"content":{"rendered":"<p><img decoding=\"async\" class=\"aligncenter size-medium wp-image-1143\" src=\"http:\/\/estacionchamamecera.com\/wp-content\/uploads\/2025\/04\/libros-bb-300x198.jpg\" alt=\"\" width=\"300\" height=\"198\" srcset=\"https:\/\/estacionchamamecera.com\/wp-content\/uploads\/2025\/04\/libros-bb-300x198.jpg 300w, https:\/\/estacionchamamecera.com\/wp-content\/uploads\/2025\/04\/libros-bb-1024x678.jpg 1024w, https:\/\/estacionchamamecera.com\/wp-content\/uploads\/2025\/04\/libros-bb-768x508.jpg 768w, https:\/\/estacionchamamecera.com\/wp-content\/uploads\/2025\/04\/libros-bb-555x367.jpg 555w, https:\/\/estacionchamamecera.com\/wp-content\/uploads\/2025\/04\/libros-bb.jpg 1330w\" sizes=\"(max-width: 300px) 100vw, 300px\" \/><\/p>\r\n\r\n<p>La ciudad de Gualeguaych\u00fa ser\u00e1 protagonista de una nueva edici\u00f3n del ciclo Entre R\u00edos cantada, una propuesta impulsada por la Biblioteca Provincial, dependiente de la Secretar\u00eda de Cultura de Entre R\u00edos, que busca expandir su alcance territorial y cultural a trav\u00e9s del trabajo conjunto con las Bibliotecas Populares del interior de la provincia. El evento se llevar\u00e1 a cabo el viernes 25 de abril a las 18:00 en la Biblioteca Popular Sarmiento (San Mart\u00edn 899).<br \/><br \/>El intercambio con las distintas Bibliotecas Populares tiene como objetivo fortalecer los v\u00ednculos interinstitucionales con una mirada federal, trabajar en torno a la bibliograf\u00eda entrerriana y, especialmente, ofrecer algunos de los ciclos que se desarrollan en la Biblioteca Provincial desde principios de a\u00f1o. El poeta que se abordar\u00e1 en esta ocasi\u00f3n es Gervasio M\u00e9ndez (1843-1897), oriundo de Gualeguaych\u00fa. <br \/><br \/>El ciclo ha sido declarado de Inter\u00e9s Educativo por el Consejo General de Educaci\u00f3n, por lo que se ofrecer\u00e1 al p\u00fablico presente la posibilidad de obtener la certificaci\u00f3n correspondiente, con puntaje docente.<br \/><br \/>Para asistir, se requiere inscripci\u00f3n previa, que puede realizarse de forma virtual a trav\u00e9s del siguiente enlace: https:\/\/forms.gle\/NgPMUKpN3DQ5Jzu66 o de manera presencial. Tambi\u00e9n es posible inscribirse comunic\u00e1ndose con la Biblioteca Popular Sarmiento, al tel\u00e9fono +54 3446 525062.<\/p>\r\n","protected":false},"excerpt":{"rendered":"<p>La ciudad de Gualeguaych\u00fa ser\u00e1 protagonista de una nueva edici\u00f3n del ciclo Entre R\u00edos cantada, una propuesta impulsada por la Biblioteca Provincial, dependiente de la Secretar\u00eda de Cultura de Entre R\u00edos, que busca expandir su alcance territorial y cultural a trav\u00e9s del trabajo conjunto con las Bibliotecas Populares del interior de la provincia. El evento &hellip; <\/p>\n<p><a class=\"more-link btn\" href=\"https:\/\/estacionchamamecera.com\/index.php\/2025\/04\/09\/el-ciclo-entre-rios-cantada-llega-a-gualeguaychu\/\">Seguir leyendo<\/a><\/p>\n","protected":false},"author":4,"featured_media":0,"comment_status":"open","ping_status":"open","sticky":false,"template":"","format":"standard","meta":{"footnotes":""},"categories":[3],"tags":[],"class_list":["post-1138","post","type-post","status-publish","format-standard","hentry","category-provinciales","item-wrap"],"jetpack_featured_media_url":"","_links":{"self":[{"href":"https:\/\/estacionchamamecera.com\/index.php\/wp-json\/wp\/v2\/posts\/1138","targetHints":{"allow":["GET"]}}],"collection":[{"href":"https:\/\/estacionchamamecera.com\/index.php\/wp-json\/wp\/v2\/posts"}],"about":[{"href":"https:\/\/estacionchamamecera.com\/index.php\/wp-json\/wp\/v2\/types\/post"}],"author":[{"embeddable":true,"href":"https:\/\/estacionchamamecera.com\/index.php\/wp-json\/wp\/v2\/users\/4"}],"replies":[{"embeddable":true,"href":"https:\/\/estacionchamamecera.com\/index.php\/wp-json\/wp\/v2\/comments?post=1138"}],"version-history":[{"count":2,"href":"https:\/\/estacionchamamecera.com\/index.php\/wp-json\/wp\/v2\/posts\/1138\/revisions"}],"predecessor-version":[{"id":1144,"href":"https:\/\/estacionchamamecera.com\/index.php\/wp-json\/wp\/v2\/posts\/1138\/revisions\/1144"}],"wp:attachment":[{"href":"https:\/\/estacionchamamecera.com\/index.php\/wp-json\/wp\/v2\/media?parent=1138"}],"wp:term":[{"taxonomy":"category","embeddable":true,"href":"https:\/\/estacionchamamecera.com\/index.php\/wp-json\/wp\/v2\/categories?post=1138"},{"taxonomy":"post_tag","embeddable":true,"href":"https:\/\/estacionchamamecera.com\/index.php\/wp-json\/wp\/v2\/tags?post=1138"}],"curies":[{"name":"wp","href":"https:\/\/api.w.org\/{rel}","templated":true}]}}