{"id":1134,"date":"2025-04-09T14:32:30","date_gmt":"2025-04-09T14:32:30","guid":{"rendered":"https:\/\/estacionchamamecera.com\/?p=1134"},"modified":"2025-04-09T14:32:30","modified_gmt":"2025-04-09T14:32:30","slug":"fatima-florez-llega-a-parana-con-su-gira-100-fatima","status":"publish","type":"post","link":"https:\/\/estacionchamamecera.com\/index.php\/2025\/04\/09\/fatima-florez-llega-a-parana-con-su-gira-100-fatima\/","title":{"rendered":"F\u00e1tima Florez llega a Paran\u00e1 con su gira \u00ab100% F\u00e1tima\u00bb"},"content":{"rendered":"<p><img decoding=\"async\" class=\"aligncenter size-medium wp-image-1139\" src=\"http:\/\/estacionchamamecera.com\/wp-content\/uploads\/2025\/04\/picsart_25-04-08_09-38-38-794-300x198.jpg\" alt=\"\" width=\"300\" height=\"198\" srcset=\"https:\/\/estacionchamamecera.com\/wp-content\/uploads\/2025\/04\/picsart_25-04-08_09-38-38-794-300x198.jpg 300w, https:\/\/estacionchamamecera.com\/wp-content\/uploads\/2025\/04\/picsart_25-04-08_09-38-38-794-1024x678.jpg 1024w, https:\/\/estacionchamamecera.com\/wp-content\/uploads\/2025\/04\/picsart_25-04-08_09-38-38-794-768x508.jpg 768w, https:\/\/estacionchamamecera.com\/wp-content\/uploads\/2025\/04\/picsart_25-04-08_09-38-38-794-555x367.jpg 555w, https:\/\/estacionchamamecera.com\/wp-content\/uploads\/2025\/04\/picsart_25-04-08_09-38-38-794.jpg 1330w\" sizes=\"(max-width: 300px) 100vw, 300px\" \/><\/p>\r\n\r\n<p>Despu\u00e9s de haber conquistado a miles de espectadores en Villa Carlos Paz, la artista F\u00e1tima Florez se prepara para llevar su exitoso espect\u00e1culo a diversas ciudades de la Argentina. Con funciones programadas en Z\u00e1rate, Ca\u00f1ada de G\u00f3mez, Santa Fe y Paran\u00e1, la gira propone un despliegue de talento que incluye imitaciones, danza y m\u00fasica en vivo. Adem\u00e1s, contar\u00e1 con la participaci\u00f3n del periodista Marcelo Polino como figura invitada, y del ballet folkl\u00f3rico Pampas Bravas.<br \/>La gira comenzar\u00e1 este jueves 10 de abril en el Teatro Coliseo de Z\u00e1rate, seguir\u00e1 el jueves 11 en el Teatro Verdi de Ca\u00f1ada de G\u00f3mez, continuar\u00e1 el viernes 12 en el Centro Cultural Provincial de Santa Fe y concluir\u00e1 esta primera etapa el s\u00e1bado 13 en el Teatro 3 de Febrero de Paran\u00e1. Con esta propuesta, \u00ab100% F\u00e1tima\u00bb ofrece un recorrido por los personajes m\u00e1s destacados del espect\u00e1culo y la pol\u00edtica nacional e internacional. Desde Mirtha Legrand hasta Mar\u00eda Becerra, pasando por Susana Gim\u00e9nez y Shakira, Florez despliega su talento con decenas de imitaciones e interpretaciones en escena.<br \/><br \/>F\u00e1tima Florez, nacida en Olivos el 3 de febrero de 1978, se consolid\u00f3 como una de las figuras m\u00e1s vers\u00e1tiles y premiadas del espect\u00e1culo argentino. Desde sus primeros pasos como bailarina en las obras de Pepe Cibri\u00e1n Campoy, hasta su salto a la televisi\u00f3n y su reconocimiento como la gran imitadora de figuras p\u00fablicas, recorri\u00f3 un camino amplio a trav\u00e9s del arte. Ganadora de dos premios Mart\u00edn Fierro, cinco Estrella de Mar, cinco VOS y cuatro Carlos, entre muchos otros, es la \u00fanica artista en Argentina en haber recibido tres estatuillas de oro por sus temporadas teatrales.<br \/><br \/>El espect\u00e1culo actual, dirigido por Norberto Marcos, quien adem\u00e1s fue pareja de F\u00e1tima y descubridor de su don para la imitaci\u00f3n, retoma la esencia de sus shows anteriores, pero incorpora nuevos personajes, coreograf\u00edas y una estructura m\u00e1s teatral, con imitaciones, canto, actuaciones y di\u00e1logos con el p\u00fablico.<\/p>\r\n","protected":false},"excerpt":{"rendered":"<p>Despu\u00e9s de haber conquistado a miles de espectadores en Villa Carlos Paz, la artista F\u00e1tima Florez se prepara para llevar su exitoso espect\u00e1culo a diversas ciudades de la Argentina. Con funciones programadas en Z\u00e1rate, Ca\u00f1ada de G\u00f3mez, Santa Fe y Paran\u00e1, la gira propone un despliegue de talento que incluye imitaciones, danza y m\u00fasica en &hellip; <\/p>\n<p><a class=\"more-link btn\" href=\"https:\/\/estacionchamamecera.com\/index.php\/2025\/04\/09\/fatima-florez-llega-a-parana-con-su-gira-100-fatima\/\">Seguir leyendo<\/a><\/p>\n","protected":false},"author":4,"featured_media":0,"comment_status":"open","ping_status":"open","sticky":false,"template":"","format":"standard","meta":{"footnotes":""},"categories":[4],"tags":[],"class_list":["post-1134","post","type-post","status-publish","format-standard","hentry","category-cultura","item-wrap"],"jetpack_featured_media_url":"","_links":{"self":[{"href":"https:\/\/estacionchamamecera.com\/index.php\/wp-json\/wp\/v2\/posts\/1134","targetHints":{"allow":["GET"]}}],"collection":[{"href":"https:\/\/estacionchamamecera.com\/index.php\/wp-json\/wp\/v2\/posts"}],"about":[{"href":"https:\/\/estacionchamamecera.com\/index.php\/wp-json\/wp\/v2\/types\/post"}],"author":[{"embeddable":true,"href":"https:\/\/estacionchamamecera.com\/index.php\/wp-json\/wp\/v2\/users\/4"}],"replies":[{"embeddable":true,"href":"https:\/\/estacionchamamecera.com\/index.php\/wp-json\/wp\/v2\/comments?post=1134"}],"version-history":[{"count":2,"href":"https:\/\/estacionchamamecera.com\/index.php\/wp-json\/wp\/v2\/posts\/1134\/revisions"}],"predecessor-version":[{"id":1140,"href":"https:\/\/estacionchamamecera.com\/index.php\/wp-json\/wp\/v2\/posts\/1134\/revisions\/1140"}],"wp:attachment":[{"href":"https:\/\/estacionchamamecera.com\/index.php\/wp-json\/wp\/v2\/media?parent=1134"}],"wp:term":[{"taxonomy":"category","embeddable":true,"href":"https:\/\/estacionchamamecera.com\/index.php\/wp-json\/wp\/v2\/categories?post=1134"},{"taxonomy":"post_tag","embeddable":true,"href":"https:\/\/estacionchamamecera.com\/index.php\/wp-json\/wp\/v2\/tags?post=1134"}],"curies":[{"name":"wp","href":"https:\/\/api.w.org\/{rel}","templated":true}]}}