{"id":1126,"date":"2025-04-09T14:04:01","date_gmt":"2025-04-09T14:04:01","guid":{"rendered":"https:\/\/estacionchamamecera.com\/?p=1126"},"modified":"2025-04-09T14:04:01","modified_gmt":"2025-04-09T14:04:01","slug":"federal-reinauguracion-de-la-estacion","status":"publish","type":"post","link":"https:\/\/estacionchamamecera.com\/index.php\/2025\/04\/09\/federal-reinauguracion-de-la-estacion\/","title":{"rendered":"Federal&#8211;reinauguraci\u00f3n de la Estaci\u00f3n"},"content":{"rendered":"<p><img decoding=\"async\" class=\"aligncenter size-medium wp-image-1129\" src=\"http:\/\/estacionchamamecera.com\/wp-content\/uploads\/2025\/04\/489760167_1090377146450024_730739199911829343_n-300x169.jpg\" alt=\"\" width=\"300\" height=\"169\" srcset=\"https:\/\/estacionchamamecera.com\/wp-content\/uploads\/2025\/04\/489760167_1090377146450024_730739199911829343_n-300x169.jpg 300w, https:\/\/estacionchamamecera.com\/wp-content\/uploads\/2025\/04\/489760167_1090377146450024_730739199911829343_n-1024x576.jpg 1024w, https:\/\/estacionchamamecera.com\/wp-content\/uploads\/2025\/04\/489760167_1090377146450024_730739199911829343_n-768x432.jpg 768w, https:\/\/estacionchamamecera.com\/wp-content\/uploads\/2025\/04\/489760167_1090377146450024_730739199911829343_n-555x312.jpg 555w, https:\/\/estacionchamamecera.com\/wp-content\/uploads\/2025\/04\/489760167_1090377146450024_730739199911829343_n.jpg 1440w\" sizes=\"(max-width: 300px) 100vw, 300px\" \/><img decoding=\"async\" class=\"aligncenter size-medium wp-image-1130\" src=\"http:\/\/estacionchamamecera.com\/wp-content\/uploads\/2025\/04\/487312083_1090377206450018_6335298695789771700_n-300x169.jpg\" alt=\"\" width=\"300\" height=\"169\" srcset=\"https:\/\/estacionchamamecera.com\/wp-content\/uploads\/2025\/04\/487312083_1090377206450018_6335298695789771700_n-300x169.jpg 300w, https:\/\/estacionchamamecera.com\/wp-content\/uploads\/2025\/04\/487312083_1090377206450018_6335298695789771700_n-1024x576.jpg 1024w, https:\/\/estacionchamamecera.com\/wp-content\/uploads\/2025\/04\/487312083_1090377206450018_6335298695789771700_n-768x432.jpg 768w, https:\/\/estacionchamamecera.com\/wp-content\/uploads\/2025\/04\/487312083_1090377206450018_6335298695789771700_n-555x312.jpg 555w, https:\/\/estacionchamamecera.com\/wp-content\/uploads\/2025\/04\/487312083_1090377206450018_6335298695789771700_n.jpg 1440w\" sizes=\"(max-width: 300px) 100vw, 300px\" \/><img decoding=\"async\" class=\"aligncenter size-medium wp-image-1131\" src=\"http:\/\/estacionchamamecera.com\/wp-content\/uploads\/2025\/04\/489452795_1090377189783353_3203814159782619331_n-300x169.jpg\" alt=\"\" width=\"300\" height=\"169\" srcset=\"https:\/\/estacionchamamecera.com\/wp-content\/uploads\/2025\/04\/489452795_1090377189783353_3203814159782619331_n-300x169.jpg 300w, https:\/\/estacionchamamecera.com\/wp-content\/uploads\/2025\/04\/489452795_1090377189783353_3203814159782619331_n-1024x576.jpg 1024w, https:\/\/estacionchamamecera.com\/wp-content\/uploads\/2025\/04\/489452795_1090377189783353_3203814159782619331_n-768x432.jpg 768w, https:\/\/estacionchamamecera.com\/wp-content\/uploads\/2025\/04\/489452795_1090377189783353_3203814159782619331_n-555x312.jpg 555w, https:\/\/estacionchamamecera.com\/wp-content\/uploads\/2025\/04\/489452795_1090377189783353_3203814159782619331_n.jpg 1440w\" sizes=\"(max-width: 300px) 100vw, 300px\" \/><\/p>\r\n\r\n<p>Hoy celebramos con mucha alegr\u00eda la reinauguraci\u00f3n de la Estaci\u00f3n, un lugar que forma parte de nuestra historia y que, a partir de ahora, tambi\u00e9n ser\u00e1 parte de nuestro presente y futuro.<br \/>Este espacio, que alguna vez fue testigo del paso del tren y de tantas historias que marcaron a nuestra comunidad, se transforma en un punto de encuentro, recreaci\u00f3n y memoria.<br \/>A partir de hoy, la Estaci\u00f3n va a ser un lugar de esparcimiento para j\u00f3venes, familias y para quienes deseen visitarla y revivir aquellos tiempos en los que el tren un\u00eda pueblos y acercaba sue\u00f1os.<br \/>Recuperamos un pedacito de nuestra identidad para ponerlo en valor y compartirlo con todas y todos.<br \/>\u00a1Los invitamos a acercarse y disfrutar de este nuevo espacio!<\/p>\r\n","protected":false},"excerpt":{"rendered":"<p>Hoy celebramos con mucha alegr\u00eda la reinauguraci\u00f3n de la Estaci\u00f3n, un lugar que forma parte de nuestra historia y que, a partir de ahora, tambi\u00e9n ser\u00e1 parte de nuestro presente y futuro.Este espacio, que alguna vez fue testigo del paso del tren y de tantas historias que marcaron a nuestra comunidad, se transforma en un &hellip; <\/p>\n<p><a class=\"more-link btn\" href=\"https:\/\/estacionchamamecera.com\/index.php\/2025\/04\/09\/federal-reinauguracion-de-la-estacion\/\">Seguir leyendo<\/a><\/p>\n","protected":false},"author":4,"featured_media":0,"comment_status":"open","ping_status":"open","sticky":false,"template":"","format":"standard","meta":{"footnotes":""},"categories":[2],"tags":[],"class_list":["post-1126","post","type-post","status-publish","format-standard","hentry","category-locales","item-wrap"],"jetpack_featured_media_url":"","_links":{"self":[{"href":"https:\/\/estacionchamamecera.com\/index.php\/wp-json\/wp\/v2\/posts\/1126","targetHints":{"allow":["GET"]}}],"collection":[{"href":"https:\/\/estacionchamamecera.com\/index.php\/wp-json\/wp\/v2\/posts"}],"about":[{"href":"https:\/\/estacionchamamecera.com\/index.php\/wp-json\/wp\/v2\/types\/post"}],"author":[{"embeddable":true,"href":"https:\/\/estacionchamamecera.com\/index.php\/wp-json\/wp\/v2\/users\/4"}],"replies":[{"embeddable":true,"href":"https:\/\/estacionchamamecera.com\/index.php\/wp-json\/wp\/v2\/comments?post=1126"}],"version-history":[{"count":2,"href":"https:\/\/estacionchamamecera.com\/index.php\/wp-json\/wp\/v2\/posts\/1126\/revisions"}],"predecessor-version":[{"id":1132,"href":"https:\/\/estacionchamamecera.com\/index.php\/wp-json\/wp\/v2\/posts\/1126\/revisions\/1132"}],"wp:attachment":[{"href":"https:\/\/estacionchamamecera.com\/index.php\/wp-json\/wp\/v2\/media?parent=1126"}],"wp:term":[{"taxonomy":"category","embeddable":true,"href":"https:\/\/estacionchamamecera.com\/index.php\/wp-json\/wp\/v2\/categories?post=1126"},{"taxonomy":"post_tag","embeddable":true,"href":"https:\/\/estacionchamamecera.com\/index.php\/wp-json\/wp\/v2\/tags?post=1126"}],"curies":[{"name":"wp","href":"https:\/\/api.w.org\/{rel}","templated":true}]}}