{"id":1113,"date":"2025-03-25T16:02:27","date_gmt":"2025-03-25T16:02:27","guid":{"rendered":"https:\/\/estacionchamamecera.com\/?p=1113"},"modified":"2025-03-25T16:02:27","modified_gmt":"2025-03-25T16:02:27","slug":"federal-dia-de-la-memoria-por-la-verdad-y-la-justicia","status":"publish","type":"post","link":"https:\/\/estacionchamamecera.com\/index.php\/2025\/03\/25\/federal-dia-de-la-memoria-por-la-verdad-y-la-justicia\/","title":{"rendered":"FEDERAL&#8211;D\u00eda de la Memoria, por la Verdad y la Justicia"},"content":{"rendered":"<p><img decoding=\"async\" class=\"aligncenter size-medium wp-image-1119\" src=\"http:\/\/estacionchamamecera.com\/wp-content\/uploads\/2025\/03\/486705151_1079985664155839_5949625267680257813_n-300x157.jpg\" alt=\"\" width=\"300\" height=\"157\" srcset=\"https:\/\/estacionchamamecera.com\/wp-content\/uploads\/2025\/03\/486705151_1079985664155839_5949625267680257813_n-300x157.jpg 300w, https:\/\/estacionchamamecera.com\/wp-content\/uploads\/2025\/03\/486705151_1079985664155839_5949625267680257813_n-1024x537.jpg 1024w, https:\/\/estacionchamamecera.com\/wp-content\/uploads\/2025\/03\/486705151_1079985664155839_5949625267680257813_n-768x403.jpg 768w, https:\/\/estacionchamamecera.com\/wp-content\/uploads\/2025\/03\/486705151_1079985664155839_5949625267680257813_n-555x291.jpg 555w, https:\/\/estacionchamamecera.com\/wp-content\/uploads\/2025\/03\/486705151_1079985664155839_5949625267680257813_n.jpg 1280w\" sizes=\"(max-width: 300px) 100vw, 300px\" \/><img decoding=\"async\" class=\"aligncenter size-medium wp-image-1120\" src=\"http:\/\/estacionchamamecera.com\/wp-content\/uploads\/2025\/03\/486821426_1079985624155843_4187236954290879410_n-300x157.jpg\" alt=\"\" width=\"300\" height=\"157\" srcset=\"https:\/\/estacionchamamecera.com\/wp-content\/uploads\/2025\/03\/486821426_1079985624155843_4187236954290879410_n-300x157.jpg 300w, https:\/\/estacionchamamecera.com\/wp-content\/uploads\/2025\/03\/486821426_1079985624155843_4187236954290879410_n-1024x537.jpg 1024w, https:\/\/estacionchamamecera.com\/wp-content\/uploads\/2025\/03\/486821426_1079985624155843_4187236954290879410_n-768x403.jpg 768w, https:\/\/estacionchamamecera.com\/wp-content\/uploads\/2025\/03\/486821426_1079985624155843_4187236954290879410_n-555x291.jpg 555w, https:\/\/estacionchamamecera.com\/wp-content\/uploads\/2025\/03\/486821426_1079985624155843_4187236954290879410_n.jpg 1280w\" sizes=\"(max-width: 300px) 100vw, 300px\" \/><\/p>\r\n\r\n<p>La Municipalidad de Federal conmemor\u00f3 un nuevo aniversario del 24 de marzo de 1976. A este acto asistieron autoridades municipales y departamentales, representantes de instituciones educativas, instituciones p\u00fablicas y privadas, as\u00ed como medios de comunicaci\u00f3n. El Dr. Luis M. Quir\u00f3z, Juez de Paz, fue el orador.<br \/>.<br \/>El 24 de marzo es un d\u00eda de profunda reflexi\u00f3n, donde recordamos la importancia de la memoria hist\u00f3rica, la defensa de los derechos humanos y el compromiso con la verdad y la justicia, para que nunca se repitan los errores del pasado.<br \/>.<br \/>#NuncaM\u00e1s #24DeMarzo #MemoriaVerdadJusticia #Federal<\/p>\r\n","protected":false},"excerpt":{"rendered":"<p>La Municipalidad de Federal conmemor\u00f3 un nuevo aniversario del 24 de marzo de 1976. A este acto asistieron autoridades municipales y departamentales, representantes de instituciones educativas, instituciones p\u00fablicas y privadas, as\u00ed como medios de comunicaci\u00f3n. El Dr. Luis M. Quir\u00f3z, Juez de Paz, fue el orador..El 24 de marzo es un d\u00eda de profunda reflexi\u00f3n, &hellip; <\/p>\n<p><a class=\"more-link btn\" href=\"https:\/\/estacionchamamecera.com\/index.php\/2025\/03\/25\/federal-dia-de-la-memoria-por-la-verdad-y-la-justicia\/\">Seguir leyendo<\/a><\/p>\n","protected":false},"author":4,"featured_media":0,"comment_status":"open","ping_status":"open","sticky":false,"template":"","format":"standard","meta":{"footnotes":""},"categories":[2],"tags":[],"class_list":["post-1113","post","type-post","status-publish","format-standard","hentry","category-locales","item-wrap"],"jetpack_featured_media_url":"","_links":{"self":[{"href":"https:\/\/estacionchamamecera.com\/index.php\/wp-json\/wp\/v2\/posts\/1113","targetHints":{"allow":["GET"]}}],"collection":[{"href":"https:\/\/estacionchamamecera.com\/index.php\/wp-json\/wp\/v2\/posts"}],"about":[{"href":"https:\/\/estacionchamamecera.com\/index.php\/wp-json\/wp\/v2\/types\/post"}],"author":[{"embeddable":true,"href":"https:\/\/estacionchamamecera.com\/index.php\/wp-json\/wp\/v2\/users\/4"}],"replies":[{"embeddable":true,"href":"https:\/\/estacionchamamecera.com\/index.php\/wp-json\/wp\/v2\/comments?post=1113"}],"version-history":[{"count":2,"href":"https:\/\/estacionchamamecera.com\/index.php\/wp-json\/wp\/v2\/posts\/1113\/revisions"}],"predecessor-version":[{"id":1121,"href":"https:\/\/estacionchamamecera.com\/index.php\/wp-json\/wp\/v2\/posts\/1113\/revisions\/1121"}],"wp:attachment":[{"href":"https:\/\/estacionchamamecera.com\/index.php\/wp-json\/wp\/v2\/media?parent=1113"}],"wp:term":[{"taxonomy":"category","embeddable":true,"href":"https:\/\/estacionchamamecera.com\/index.php\/wp-json\/wp\/v2\/categories?post=1113"},{"taxonomy":"post_tag","embeddable":true,"href":"https:\/\/estacionchamamecera.com\/index.php\/wp-json\/wp\/v2\/tags?post=1113"}],"curies":[{"name":"wp","href":"https:\/\/api.w.org\/{rel}","templated":true}]}}