{"id":1095,"date":"2025-03-17T12:43:43","date_gmt":"2025-03-17T12:43:43","guid":{"rendered":"https:\/\/estacionchamamecera.com\/?p=1095"},"modified":"2025-03-17T12:43:43","modified_gmt":"2025-03-17T12:43:43","slug":"regiones-del-consejo-provincial-de-cultura-trabajan-juntas-en-una-agenda-federal","status":"publish","type":"post","link":"https:\/\/estacionchamamecera.com\/index.php\/2025\/03\/17\/regiones-del-consejo-provincial-de-cultura-trabajan-juntas-en-una-agenda-federal\/","title":{"rendered":"Regiones del Consejo Provincial de Cultura trabajan juntas en una agenda federal"},"content":{"rendered":"<p><img decoding=\"async\" class=\"aligncenter size-medium wp-image-1100\" src=\"http:\/\/estacionchamamecera.com\/wp-content\/uploads\/2025\/03\/35671538_103422343899339_6621248272163930112_n-300x198.jpg\" alt=\"\" width=\"300\" height=\"198\" srcset=\"https:\/\/estacionchamamecera.com\/wp-content\/uploads\/2025\/03\/35671538_103422343899339_6621248272163930112_n-300x198.jpg 300w, https:\/\/estacionchamamecera.com\/wp-content\/uploads\/2025\/03\/35671538_103422343899339_6621248272163930112_n-1024x678.jpg 1024w, https:\/\/estacionchamamecera.com\/wp-content\/uploads\/2025\/03\/35671538_103422343899339_6621248272163930112_n-768x508.jpg 768w, https:\/\/estacionchamamecera.com\/wp-content\/uploads\/2025\/03\/35671538_103422343899339_6621248272163930112_n-555x367.jpg 555w, https:\/\/estacionchamamecera.com\/wp-content\/uploads\/2025\/03\/35671538_103422343899339_6621248272163930112_n.jpg 1330w\" sizes=\"(max-width: 300px) 100vw, 300px\" \/><\/p>\r\n\r\n<p>Es una pol\u00edtica de gesti\u00f3n articulada desde la Secretar\u00eda de Cultura de Entre R\u00edos. Este jueves hubo reuniones en Federal y Chajar\u00ed que continuar\u00e1n en otras localidades hasta completar todas las regiones de la provincia. <br \/><br \/>Durante este jueves 13 se desarrollaron reuniones para tratar iniciativas culturales como los encuentros provinciales, programas, ciclos y capacitaciones con una mirada federal. <br \/><br \/>Por la ma\u00f1ana, en el Centro Municipal de Cultura de Federal Roberto Aizenberg, se encontraron los referentes de las \u00e1reas de cultura de la Regi\u00f3n III, integrada por las localidades de La Paz, Federal y Feliciano.<br \/><br \/>La Regi\u00f3n IV, que comprende a San Salvador, Concordia y Federaci\u00f3n, tambi\u00e9n tuvo su mesa de trabajo en el Centro Cultural Constantino Caballero de Chajar\u00ed, durante la tarde. <br \/><br \/>En ese marco, el secretario de Cultura de la provincia, Juli\u00e1n Stoppello, destac\u00f3 la buena recepci\u00f3n que hubo respecto a la planificaci\u00f3n propuesta. El funcionario valor\u00f3 especialmente el aporte de los referentes de las \u00e1reas de Cultura que se tradujeron en ideas y propuestas concretas. \u201cEl Consejo empez\u00f3 a trabajar los primeros d\u00edas del a\u00f1o pensando en los modos de ampliar circuitos y favorecer el trabajo de nuestros artistas. Ahora ya avanzamos a paso firme sobre las acciones que vamos a desarrollar, o que estamos desarrollando en conjunto, como Un domingo de teatro, Fog\u00f3n Entrerriano o los Encuentros Entrerrianos. Estamos seguros de que este es el camino\u201d, dijo Stoppello.<br \/><br \/>El Consejo Provincial de Cultura volver\u00e1 a reunirse el lunes 17 de marzo con referentes de la Regi\u00f3n I (Tala, Nogoy\u00e1, Gualeguay y Villaguay) en Gualeguay. Mientras que la Regi\u00f3n V (Paran\u00e1, Diamante y Victoria) tendr\u00e1 su encuentro en Diamante el pr\u00f3ximo mi\u00e9rcoles 19. <\/p>\r\n","protected":false},"excerpt":{"rendered":"<p>Es una pol\u00edtica de gesti\u00f3n articulada desde la Secretar\u00eda de Cultura de Entre R\u00edos. Este jueves hubo reuniones en Federal y Chajar\u00ed que continuar\u00e1n en otras localidades hasta completar todas las regiones de la provincia. Durante este jueves 13 se desarrollaron reuniones para tratar iniciativas culturales como los encuentros provinciales, programas, ciclos y capacitaciones con &hellip; <\/p>\n<p><a class=\"more-link btn\" href=\"https:\/\/estacionchamamecera.com\/index.php\/2025\/03\/17\/regiones-del-consejo-provincial-de-cultura-trabajan-juntas-en-una-agenda-federal\/\">Seguir leyendo<\/a><\/p>\n","protected":false},"author":4,"featured_media":0,"comment_status":"open","ping_status":"open","sticky":false,"template":"","format":"standard","meta":{"footnotes":""},"categories":[4],"tags":[],"class_list":["post-1095","post","type-post","status-publish","format-standard","hentry","category-cultura","item-wrap"],"jetpack_featured_media_url":"","_links":{"self":[{"href":"https:\/\/estacionchamamecera.com\/index.php\/wp-json\/wp\/v2\/posts\/1095","targetHints":{"allow":["GET"]}}],"collection":[{"href":"https:\/\/estacionchamamecera.com\/index.php\/wp-json\/wp\/v2\/posts"}],"about":[{"href":"https:\/\/estacionchamamecera.com\/index.php\/wp-json\/wp\/v2\/types\/post"}],"author":[{"embeddable":true,"href":"https:\/\/estacionchamamecera.com\/index.php\/wp-json\/wp\/v2\/users\/4"}],"replies":[{"embeddable":true,"href":"https:\/\/estacionchamamecera.com\/index.php\/wp-json\/wp\/v2\/comments?post=1095"}],"version-history":[{"count":2,"href":"https:\/\/estacionchamamecera.com\/index.php\/wp-json\/wp\/v2\/posts\/1095\/revisions"}],"predecessor-version":[{"id":1101,"href":"https:\/\/estacionchamamecera.com\/index.php\/wp-json\/wp\/v2\/posts\/1095\/revisions\/1101"}],"wp:attachment":[{"href":"https:\/\/estacionchamamecera.com\/index.php\/wp-json\/wp\/v2\/media?parent=1095"}],"wp:term":[{"taxonomy":"category","embeddable":true,"href":"https:\/\/estacionchamamecera.com\/index.php\/wp-json\/wp\/v2\/categories?post=1095"},{"taxonomy":"post_tag","embeddable":true,"href":"https:\/\/estacionchamamecera.com\/index.php\/wp-json\/wp\/v2\/tags?post=1095"}],"curies":[{"name":"wp","href":"https:\/\/api.w.org\/{rel}","templated":true}]}}