{"id":1091,"date":"2025-03-17T12:30:00","date_gmt":"2025-03-17T12:30:00","guid":{"rendered":"https:\/\/estacionchamamecera.com\/?p=1091"},"modified":"2025-03-17T12:30:00","modified_gmt":"2025-03-17T12:30:00","slug":"se-inaugurara-una-muestra-sobre-la-memoria-en-el-museo-provincial-de-bellas-artes","status":"publish","type":"post","link":"https:\/\/estacionchamamecera.com\/index.php\/2025\/03\/17\/se-inaugurara-una-muestra-sobre-la-memoria-en-el-museo-provincial-de-bellas-artes\/","title":{"rendered":"Se inaugurar\u00e1 una muestra sobre la Memoria en el Museo Provincial de Bellas Artes"},"content":{"rendered":"<p><img decoding=\"async\" class=\"aligncenter size-medium wp-image-1096\" src=\"http:\/\/estacionchamamecera.com\/wp-content\/uploads\/2025\/03\/unnamed_59-300x198.jpg\" alt=\"\" width=\"300\" height=\"198\" srcset=\"https:\/\/estacionchamamecera.com\/wp-content\/uploads\/2025\/03\/unnamed_59-300x198.jpg 300w, https:\/\/estacionchamamecera.com\/wp-content\/uploads\/2025\/03\/unnamed_59-1024x678.jpg 1024w, https:\/\/estacionchamamecera.com\/wp-content\/uploads\/2025\/03\/unnamed_59-768x508.jpg 768w, https:\/\/estacionchamamecera.com\/wp-content\/uploads\/2025\/03\/unnamed_59-555x367.jpg 555w, https:\/\/estacionchamamecera.com\/wp-content\/uploads\/2025\/03\/unnamed_59.jpg 1330w\" sizes=\"(max-width: 300px) 100vw, 300px\" \/><\/p>\r\n\r\n<p>El Museo Provincial de Bellas Artes invita a la presentaci\u00f3n de \u00abHijxs. Po\u00e9ticas de la memoria\u00bb, exposici\u00f3n de la Biblioteca Nacional Mariano Moreno. La inauguraci\u00f3n ser\u00e1 en la sede de calle Buenos Aires 355 (Paran\u00e1) el viernes 21 de marzo a las 20, con entrada libre y gratuita.<br \/><br \/>Como cada a\u00f1o, el organismo declarado Sitio Nacional de Memoria por haber funcionado en su actual edificio uno de los centros clandestinos de detenci\u00f3n y torturas que existieron en la provincia durante la \u00faltima dictadura, renueva su compromiso de Memoria, Verdad y Justicia con la habilitaci\u00f3n de la exhibici\u00f3n itinerante de la Biblioteca Nacional.<br \/><br \/>La exposici\u00f3n, que re\u00fane obras diversas, no solo toma en cuenta la experiencia de la agrupaci\u00f3n HIJOS, sino que tambi\u00e9n ofrece una mirada m\u00e1s amplia sobre el impacto cultural y art\u00edstico de esta generaci\u00f3n. Las obras expuestas reflejan los procesos de construcci\u00f3n colectiva, el uso del arte como herramienta de denuncia y la b\u00fasqueda de identidad en un contexto de profunda transformaci\u00f3n social y pol\u00edtica.<br \/><br \/><br \/><br \/>Una invitaci\u00f3n a la reflexi\u00f3n<br \/><br \/>Con una variada gama de lenguajes y formas que incluyen fotograf\u00eda, poes\u00eda, cine, arte callejero y cuadernos de artistas, la muestra invita al espectador a explorar el legado de una comunidad que, a trav\u00e9s del arte, logr\u00f3 visibilizar la memoria. M\u00e1s que ofrecer respuestas definitivas, la muestra propone una invitaci\u00f3n a la reflexi\u00f3n profunda y al encuentro con el acervo bibliogr\u00e1fico disponible para quienes deseen seguir profundizando sobre estos temas.<br \/><br \/><br \/><br \/>Participantes<br \/><br \/>Los artistas que participan de la exposici\u00f3n son: Gabriela Bettini, Camilo del Cerro, Guadalupe Gaona, In\u00e9s Ulanovsky, Lucila Quieto, Ver\u00f3nica Maggi, Ver\u00f3nica Villanueva, Soledad Francesio, Soledad N\u00edvoli, Julieta Colomer, Grupo de Arte Callejero (GAC), Etc\u00e9tera, Mar\u00eda Giuffra, Tom\u00e1s Alzogaray Vanella, Jorgelina Molina Planas, Margarita Sol\u00e9, Marcela Cabezas Hilb, Andrea Su\u00e1rez C\u00f3rica, Mar\u00eda Toninetti, Marta Dillon, Juli\u00e1n Axat, Emiliano Bustos, Juan Aiub, Nicol\u00e1s Prividera, F\u00e9lix Bruzzone, Alejandra Szir, Mar\u00eda Ester Alonso, Laura Alcoba, M\u00f3nica Zwaig, Carla Maliandi, Florencia Ord\u00f3\u00f1ez, \u00c1ngela Urondo Raboy, Ernesto Sem\u00e1n, Mariana Eva P\u00e9rez, Paula Bombara, Juli\u00e1n L\u00f3pez, Raquel Robles, Ignacio Lescano, Ronith Gitelman, Andr\u00e9s Habegger, Mar\u00eda In\u00e9s Roqu\u00e9, Natalia Bruschtein, Virginia Croatto, Gabriela Golder, Lola Arias, Anal\u00eda Miller y Violeta Burkart Noe.<br \/><br \/><br \/><br \/>Para visitar<br \/><br \/>La entrada ser\u00e1 libre y gratuita. La exposici\u00f3n estar\u00e1 abierta para el p\u00fablico hasta el domingo 1 de junio inclusive. Se recibir\u00e1n grupos para recorridos guiados durante toda la exhibici\u00f3n. Los turnos deben solicitarse previamente llamando a los tel\u00e9fonos 0343- 4207868\/918 de martes a viernes exclusivamente en el horario del Museo.<br \/><br \/>Horarios: martes a viernes de 8 a 13 y de 15 a 20; s\u00e1bados de 9 a 12 y de 17 a 20; domingos y feriados de 9 a 12.<\/p>\r\n","protected":false},"excerpt":{"rendered":"<p>El Museo Provincial de Bellas Artes invita a la presentaci\u00f3n de \u00abHijxs. Po\u00e9ticas de la memoria\u00bb, exposici\u00f3n de la Biblioteca Nacional Mariano Moreno. La inauguraci\u00f3n ser\u00e1 en la sede de calle Buenos Aires 355 (Paran\u00e1) el viernes 21 de marzo a las 20, con entrada libre y gratuita. Como cada a\u00f1o, el organismo declarado Sitio &hellip; <\/p>\n<p><a class=\"more-link btn\" href=\"https:\/\/estacionchamamecera.com\/index.php\/2025\/03\/17\/se-inaugurara-una-muestra-sobre-la-memoria-en-el-museo-provincial-de-bellas-artes\/\">Seguir leyendo<\/a><\/p>\n","protected":false},"author":4,"featured_media":0,"comment_status":"open","ping_status":"open","sticky":false,"template":"","format":"standard","meta":{"footnotes":""},"categories":[4],"tags":[],"class_list":["post-1091","post","type-post","status-publish","format-standard","hentry","category-cultura","item-wrap"],"jetpack_featured_media_url":"","_links":{"self":[{"href":"https:\/\/estacionchamamecera.com\/index.php\/wp-json\/wp\/v2\/posts\/1091","targetHints":{"allow":["GET"]}}],"collection":[{"href":"https:\/\/estacionchamamecera.com\/index.php\/wp-json\/wp\/v2\/posts"}],"about":[{"href":"https:\/\/estacionchamamecera.com\/index.php\/wp-json\/wp\/v2\/types\/post"}],"author":[{"embeddable":true,"href":"https:\/\/estacionchamamecera.com\/index.php\/wp-json\/wp\/v2\/users\/4"}],"replies":[{"embeddable":true,"href":"https:\/\/estacionchamamecera.com\/index.php\/wp-json\/wp\/v2\/comments?post=1091"}],"version-history":[{"count":2,"href":"https:\/\/estacionchamamecera.com\/index.php\/wp-json\/wp\/v2\/posts\/1091\/revisions"}],"predecessor-version":[{"id":1097,"href":"https:\/\/estacionchamamecera.com\/index.php\/wp-json\/wp\/v2\/posts\/1091\/revisions\/1097"}],"wp:attachment":[{"href":"https:\/\/estacionchamamecera.com\/index.php\/wp-json\/wp\/v2\/media?parent=1091"}],"wp:term":[{"taxonomy":"category","embeddable":true,"href":"https:\/\/estacionchamamecera.com\/index.php\/wp-json\/wp\/v2\/categories?post=1091"},{"taxonomy":"post_tag","embeddable":true,"href":"https:\/\/estacionchamamecera.com\/index.php\/wp-json\/wp\/v2\/tags?post=1091"}],"curies":[{"name":"wp","href":"https:\/\/api.w.org\/{rel}","templated":true}]}}